{"id":382941,"date":"2026-09-05T08:58:49","date_gmt":"2026-09-05T11:58:49","guid":{"rendered":"http:\/\/www.noticiasdelparana.com.ar\/NuevaEdicion\/?p=382941"},"modified":"2026-09-05T08:58:57","modified_gmt":"2026-09-05T11:58:57","slug":"colonia-benitez-control-preventivo-detectaron-a-un-hombre-con-pedido-de-aprehension-activo","status":"publish","type":"post","link":"http:\/\/www.noticiasdelparana.com.ar\/NuevaEdicion\/2026\/09\/05\/colonia-benitez-control-preventivo-detectaron-a-un-hombre-con-pedido-de-aprehension-activo\/","title":{"rendered":"COLONIA BEN\u00cdTEZ: Control Preventivo: Detectaron A Un Hombre Con Pedido De Aprehensi\u00f3n Activo"},"content":{"rendered":"\n<p>Ayer, durante un operativo de control vehicular e identificaci\u00f3n de personas, efectivos de la Comisar\u00eda de Colonia Ben\u00edtez demoraron a un hombre de 28 a\u00f1os, luego de constatar que registraba un pedido de aprehensi\u00f3n activo.<\/p>\n\n\n\n<p>El procedimiento se realiz\u00f3 cerca de las 23:30, en inmediaciones de las calles Lapacho y Calandria. Los agentes identificaron al ciudadano y consultaron sus datos a trav\u00e9s del Sistema de Gesti\u00f3n de Antecedentes Biogr\u00e1ficos (SI.GE.BI.), donde surgi\u00f3 el requerimiento vigente en una causa por incumplimiento de pautas de conducta de Protocolo Dual.<\/p>\n\n\n\n<p>Ante esta situaci\u00f3n, los efectivos informaron la novedad al Equipo Fiscal interviniente, que dispuso notificar al demorado de su aprehensi\u00f3n e identificaci\u00f3n en la causa correspondiente.<\/p>\n\n\n\n<p>&#8230;<\/p>\n","protected":false},"excerpt":{"rendered":"<p>05-Sep-26 El requerimiento judicial fue detectado mediante el sistema de antecedentes policiales.<\/p>\n","protected":false},"author":3,"featured_media":382942,"comment_status":"closed","ping_status":"closed","sticky":false,"template":"","format":"standard","meta":[],"categories":[103],"tags":[],"_links":{"self":[{"href":"http:\/\/www.noticiasdelparana.com.ar\/NuevaEdicion\/wp-json\/wp\/v2\/posts\/382941"}],"collection":[{"href":"http:\/\/www.noticiasdelparana.com.ar\/NuevaEdicion\/wp-json\/wp\/v2\/posts"}],"about":[{"href":"http:\/\/www.noticiasdelparana.com.ar\/NuevaEdicion\/wp-json\/wp\/v2\/types\/post"}],"author":[{"embeddable":true,"href":"http:\/\/www.noticiasdelparana.com.ar\/NuevaEdicion\/wp-json\/wp\/v2\/users\/3"}],"replies":[{"embeddable":true,"href":"http:\/\/www.noticiasdelparana.com.ar\/NuevaEdicion\/wp-json\/wp\/v2\/comments?post=382941"}],"version-history":[{"count":1,"href":"http:\/\/www.noticiasdelparana.com.ar\/NuevaEdicion\/wp-json\/wp\/v2\/posts\/382941\/revisions"}],"predecessor-version":[{"id":382943,"href":"http:\/\/www.noticiasdelparana.com.ar\/NuevaEdicion\/wp-json\/wp\/v2\/posts\/382941\/revisions\/382943"}],"wp:featuredmedia":[{"embeddable":true,"href":"http:\/\/www.noticiasdelparana.com.ar\/NuevaEdicion\/wp-json\/wp\/v2\/media\/382942"}],"wp:attachment":[{"href":"http:\/\/www.noticiasdelparana.com.ar\/NuevaEdicion\/wp-json\/wp\/v2\/media?parent=382941"}],"wp:term":[{"taxonomy":"category","embeddable":true,"href":"http:\/\/www.noticiasdelparana.com.ar\/NuevaEdicion\/wp-json\/wp\/v2\/categories?post=382941"},{"taxonomy":"post_tag","embeddable":true,"href":"http:\/\/www.noticiasdelparana.com.ar\/NuevaEdicion\/wp-json\/wp\/v2\/tags?post=382941"}],"curies":[{"name":"wp","href":"https:\/\/api.w.org\/{rel}","templated":true}]}}