{"id":382947,"date":"2026-09-05T09:03:37","date_gmt":"2026-09-05T12:03:37","guid":{"rendered":"http:\/\/www.noticiasdelparana.com.ar\/NuevaEdicion\/?p=382947"},"modified":"2026-09-05T09:03:43","modified_gmt":"2026-09-05T12:03:43","slug":"basail-sorprendieron-a-dos-hombres-cazando-sin-autorizacion-y-secuestraron-dos-escopetas","status":"publish","type":"post","link":"http:\/\/www.noticiasdelparana.com.ar\/NuevaEdicion\/2026\/09\/05\/basail-sorprendieron-a-dos-hombres-cazando-sin-autorizacion-y-secuestraron-dos-escopetas\/","title":{"rendered":"BASAIL: Sorprendieron A Dos Hombres Cazando Sin Autorizaci\u00f3n Y Secuestraron Dos Escopetas"},"content":{"rendered":"\n<p>reventiva, efectivos de la Comisar\u00eda de Basail detectaron a dos hombres que realizaban presuntas actividades de caza sin contar con la documentaci\u00f3n ni autorizaci\u00f3n correspondiente.<\/p>\n\n\n\n<p>Alrededor las 2:50, en la zona rural conocida como El 38. Los agentes demoraron un autom\u00f3vil cuyo conductor de 62 a\u00f1os, se encontraba utilizando una linterna para alumbrar hacia una zona de monte. Al inspeccionar el veh\u00edculo, constataron que transportaba una escopeta calibre 12 mm, que se encontraba desenfundada.<\/p>\n\n\n\n<p>En ese momento, los polic\u00edas observaron salir del monte a otro hombre de 47 a\u00f1os, quien llevaba consigo una segunda escopeta calibre 12 mm, una linterna y un cuchillo. Ambos manifestaron que se encontraban realizando actividades de caza, aunque no contaban con carnet habilitante ni autorizaci\u00f3n del propietario del campo.<\/p>\n\n\n\n<p>Ante esta situaci\u00f3n, los efectivos procedieron al secuestro de las dos escopetas calibre 12, ocho cartuchos, dos linternas y dos cuchillos. Asimismo, notificaron a ambos hombres del acta de infracci\u00f3n correspondiente por presunta infracci\u00f3n a la Ley de Caza N\u00b0 1429-R.<\/p>\n","protected":false},"excerpt":{"rendered":"<p>05-Sep-26 El procedimiento se realiz\u00f3 durante esta madrugada en la zona rural El 38, jurisdicci\u00f3n de Basail. Los efectivos secuestraron armas, cartuchos, linternas y cuchillos.<\/p>\n","protected":false},"author":3,"featured_media":382948,"comment_status":"closed","ping_status":"closed","sticky":false,"template":"","format":"standard","meta":[],"categories":[103],"tags":[],"_links":{"self":[{"href":"http:\/\/www.noticiasdelparana.com.ar\/NuevaEdicion\/wp-json\/wp\/v2\/posts\/382947"}],"collection":[{"href":"http:\/\/www.noticiasdelparana.com.ar\/NuevaEdicion\/wp-json\/wp\/v2\/posts"}],"about":[{"href":"http:\/\/www.noticiasdelparana.com.ar\/NuevaEdicion\/wp-json\/wp\/v2\/types\/post"}],"author":[{"embeddable":true,"href":"http:\/\/www.noticiasdelparana.com.ar\/NuevaEdicion\/wp-json\/wp\/v2\/users\/3"}],"replies":[{"embeddable":true,"href":"http:\/\/www.noticiasdelparana.com.ar\/NuevaEdicion\/wp-json\/wp\/v2\/comments?post=382947"}],"version-history":[{"count":1,"href":"http:\/\/www.noticiasdelparana.com.ar\/NuevaEdicion\/wp-json\/wp\/v2\/posts\/382947\/revisions"}],"predecessor-version":[{"id":382949,"href":"http:\/\/www.noticiasdelparana.com.ar\/NuevaEdicion\/wp-json\/wp\/v2\/posts\/382947\/revisions\/382949"}],"wp:featuredmedia":[{"embeddable":true,"href":"http:\/\/www.noticiasdelparana.com.ar\/NuevaEdicion\/wp-json\/wp\/v2\/media\/382948"}],"wp:attachment":[{"href":"http:\/\/www.noticiasdelparana.com.ar\/NuevaEdicion\/wp-json\/wp\/v2\/media?parent=382947"}],"wp:term":[{"taxonomy":"category","embeddable":true,"href":"http:\/\/www.noticiasdelparana.com.ar\/NuevaEdicion\/wp-json\/wp\/v2\/categories?post=382947"},{"taxonomy":"post_tag","embeddable":true,"href":"http:\/\/www.noticiasdelparana.com.ar\/NuevaEdicion\/wp-json\/wp\/v2\/tags?post=382947"}],"curies":[{"name":"wp","href":"https:\/\/api.w.org\/{rel}","templated":true}]}}