{"id":382962,"date":"2026-09-05T09:41:01","date_gmt":"2026-09-05T12:41:01","guid":{"rendered":"http:\/\/www.noticiasdelparana.com.ar\/NuevaEdicion\/?p=382962"},"modified":"2026-09-05T09:41:11","modified_gmt":"2026-09-05T12:41:11","slug":"barranqueras-el-municipio-acerco-servicios-y-asistencia-integral-a-los-vecinos-a-traves-del-programa-mas-cerca-tuyo","status":"publish","type":"post","link":"http:\/\/www.noticiasdelparana.com.ar\/NuevaEdicion\/2026\/09\/05\/barranqueras-el-municipio-acerco-servicios-y-asistencia-integral-a-los-vecinos-a-traves-del-programa-mas-cerca-tuyo\/","title":{"rendered":"BARRANQUERAS:   El Municipio Acerc\u00f3 Servicios Y Asistencia Integral A Los Vecinos  A Trav\u00e9s Del Programa \u201cM\u00e1s Cerca Tuyo\u201d"},"content":{"rendered":"\n<p>En esta oportunidad, las actividades se desarrollaron en el sector comprendido por avenida Castelli, pasaje M\u00e1rmol, Tatan\u00e9 y Algarrobo, donde distintas \u00e1reas municipales trabajaron de manera coordinada para brindar asistencia y mejorar el entorno urbano.<\/p>\n\n\n\n<p>Durante la jornada, personal de la Secretar\u00eda de Servicios P\u00fablicos y Desarrollo Social, junto a Protecci\u00f3n Civil y la Guardia Ambiental Municipal, realiz\u00f3 tareas de limpieza integral, recolecci\u00f3n de ramas y acondicionamiento de espacios p\u00fablicos.<\/p>\n\n\n\n<p>Adem\u00e1s, el \u00e1rea de Bromatolog\u00eda despleg\u00f3 un operativo de vacunaci\u00f3n antirr\u00e1bica y desparasitaci\u00f3n gratuita para perros y gatos, promoviendo el cuidado responsable de las mascotas y la salud p\u00fablica.<\/p>\n\n\n\n<p>En materia sanitaria, los vecinos tambi\u00e9n pudieron acceder a vacunas del Calendario Nacional, adem\u00e1s de dosis contra el COVID-19 y la Qdenga, destinada a la prevenci\u00f3n del dengue.<\/p>\n\n\n\n<p>Por otra parte, el \u00c1rea de Diversidad ofreci\u00f3 cortes de cabello gratuitos, mientras que el \u00c1rea de Juventud brind\u00f3 asesoramiento y acompa\u00f1amiento para la carga de datos de beneficiarios del programa Progresar.<\/p>\n\n\n\n<p>Desde el municipio destacaron que estos operativos tienen como finalidad fortalecer la presencia del Estado en los barrios, acercando respuestas concretas a las necesidades de la comunidad y evitando que los vecinos deban trasladarse a otras dependencias para realizar tr\u00e1mites o acceder a servicios.<\/p>\n\n\n\n<p>La intendente Magda Ayala recorri\u00f3 el operativo y&nbsp; se\u00f1al\u00f3 que el programa continuar\u00e1 recorriendo distintos sectores de la ciudad, promoviendo el contacto directo con los vecinos y consolidando una gesti\u00f3n cercana a la comunidad.<\/p>\n","protected":false},"excerpt":{"rendered":"<p>05-Sep-26 La Municipalidad de Barranqueras llev\u00f3 adelante una nueva edici\u00f3n del operativo integral \u201cM\u00e1s Cerca Tuyo\u201d, una propuesta que busca acercar distintos servicios municipales a los barrios y facilitar el acceso de los vecinos a prestaciones gratuitas cerca de sus hogares.<\/p>\n","protected":false},"author":3,"featured_media":382968,"comment_status":"closed","ping_status":"closed","sticky":false,"template":"","format":"standard","meta":[],"categories":[99,108],"tags":[],"_links":{"self":[{"href":"http:\/\/www.noticiasdelparana.com.ar\/NuevaEdicion\/wp-json\/wp\/v2\/posts\/382962"}],"collection":[{"href":"http:\/\/www.noticiasdelparana.com.ar\/NuevaEdicion\/wp-json\/wp\/v2\/posts"}],"about":[{"href":"http:\/\/www.noticiasdelparana.com.ar\/NuevaEdicion\/wp-json\/wp\/v2\/types\/post"}],"author":[{"embeddable":true,"href":"http:\/\/www.noticiasdelparana.com.ar\/NuevaEdicion\/wp-json\/wp\/v2\/users\/3"}],"replies":[{"embeddable":true,"href":"http:\/\/www.noticiasdelparana.com.ar\/NuevaEdicion\/wp-json\/wp\/v2\/comments?post=382962"}],"version-history":[{"count":1,"href":"http:\/\/www.noticiasdelparana.com.ar\/NuevaEdicion\/wp-json\/wp\/v2\/posts\/382962\/revisions"}],"predecessor-version":[{"id":382969,"href":"http:\/\/www.noticiasdelparana.com.ar\/NuevaEdicion\/wp-json\/wp\/v2\/posts\/382962\/revisions\/382969"}],"wp:featuredmedia":[{"embeddable":true,"href":"http:\/\/www.noticiasdelparana.com.ar\/NuevaEdicion\/wp-json\/wp\/v2\/media\/382968"}],"wp:attachment":[{"href":"http:\/\/www.noticiasdelparana.com.ar\/NuevaEdicion\/wp-json\/wp\/v2\/media?parent=382962"}],"wp:term":[{"taxonomy":"category","embeddable":true,"href":"http:\/\/www.noticiasdelparana.com.ar\/NuevaEdicion\/wp-json\/wp\/v2\/categories?post=382962"},{"taxonomy":"post_tag","embeddable":true,"href":"http:\/\/www.noticiasdelparana.com.ar\/NuevaEdicion\/wp-json\/wp\/v2\/tags?post=382962"}],"curies":[{"name":"wp","href":"https:\/\/api.w.org\/{rel}","templated":true}]}}