{"id":382965,"date":"2026-09-05T09:40:11","date_gmt":"2026-09-05T12:40:11","guid":{"rendered":"http:\/\/www.noticiasdelparana.com.ar\/NuevaEdicion\/?p=382965"},"modified":"2026-09-05T09:40:16","modified_gmt":"2026-09-05T12:40:16","slug":"corrientes-la-escuela-normal-de-goya-prohibira-el-uso-de-celulares-en-las-aulas-desde-el-lunes","status":"publish","type":"post","link":"http:\/\/www.noticiasdelparana.com.ar\/NuevaEdicion\/2026\/09\/05\/corrientes-la-escuela-normal-de-goya-prohibira-el-uso-de-celulares-en-las-aulas-desde-el-lunes\/","title":{"rendered":"CORRIENTES: La Escuela Normal De Goya Prohibir\u00e1 El Uso De Celulares En Las Aulas Desde El Lunes"},"content":{"rendered":"\n<p>A partir de este lunes 7 de septiembre, los estudiantes del nivel secundario de la Escuela Normal &#8220;Dr. Mariano I. Loza&#8221; de la ciudad correntina de Goya no podr\u00e1n ingresar ni utilizar tel\u00e9fonos celulares durante el desarrollo de las clases.<\/p>\n\n\n\n<p>La decisi\u00f3n fue comunicada formalmente por el equipo directivo a la comunidad educativa tras recoger diversas inquietudes en los encuentros de padres.<\/p>\n\n\n\n<p>Desde el establecimiento explicaron que el prop\u00f3sito fundamental de la normativa es favorecer la concentraci\u00f3n, incrementar la participaci\u00f3n en el aula y consolidar un adecuado clima de estudio, evitando que los dispositivos interfieran en el proceso de ense\u00f1anza y aprendizaje.<\/p>\n\n\n\n<p>Canales de comunicaci\u00f3n y rol de las familias<\/p>\n\n\n\n<p>El comunicado institucional enfatiza la necesidad de contar con el acompa\u00f1amiento y compromiso de los padres para garantizar la aplicaci\u00f3n de la medida, destacando que el trabajo conjunto fortalece el desarrollo en el nivel secundario.<\/p>\n\n\n\n<p>Asimismo, ante eventuales situaciones de urgencia que requieran contactar a los alumnos en horario escolar, la instituci\u00f3n estableci\u00f3 un protocolo espec\u00edfico: las familias deber\u00e1n comunicarse de manera exclusiva a trav\u00e9s del cuerpo de preceptores, evitando llamar o enviar mensajes directos a los tel\u00e9fonos celulares de los estudiantes.<\/p>\n","protected":false},"excerpt":{"rendered":"<p>05-Sep-26 A partir del 7 de septiembre, los alumnos del nivel secundario de la instituci\u00f3n no podr\u00e1n utilizar ni ingresar con tel\u00e9fonos m\u00f3viles durante las horas de clase. A qu\u00e9 responde la medida. <\/p>\n","protected":false},"author":3,"featured_media":382966,"comment_status":"closed","ping_status":"closed","sticky":false,"template":"","format":"standard","meta":[],"categories":[139],"tags":[],"_links":{"self":[{"href":"http:\/\/www.noticiasdelparana.com.ar\/NuevaEdicion\/wp-json\/wp\/v2\/posts\/382965"}],"collection":[{"href":"http:\/\/www.noticiasdelparana.com.ar\/NuevaEdicion\/wp-json\/wp\/v2\/posts"}],"about":[{"href":"http:\/\/www.noticiasdelparana.com.ar\/NuevaEdicion\/wp-json\/wp\/v2\/types\/post"}],"author":[{"embeddable":true,"href":"http:\/\/www.noticiasdelparana.com.ar\/NuevaEdicion\/wp-json\/wp\/v2\/users\/3"}],"replies":[{"embeddable":true,"href":"http:\/\/www.noticiasdelparana.com.ar\/NuevaEdicion\/wp-json\/wp\/v2\/comments?post=382965"}],"version-history":[{"count":1,"href":"http:\/\/www.noticiasdelparana.com.ar\/NuevaEdicion\/wp-json\/wp\/v2\/posts\/382965\/revisions"}],"predecessor-version":[{"id":382967,"href":"http:\/\/www.noticiasdelparana.com.ar\/NuevaEdicion\/wp-json\/wp\/v2\/posts\/382965\/revisions\/382967"}],"wp:featuredmedia":[{"embeddable":true,"href":"http:\/\/www.noticiasdelparana.com.ar\/NuevaEdicion\/wp-json\/wp\/v2\/media\/382966"}],"wp:attachment":[{"href":"http:\/\/www.noticiasdelparana.com.ar\/NuevaEdicion\/wp-json\/wp\/v2\/media?parent=382965"}],"wp:term":[{"taxonomy":"category","embeddable":true,"href":"http:\/\/www.noticiasdelparana.com.ar\/NuevaEdicion\/wp-json\/wp\/v2\/categories?post=382965"},{"taxonomy":"post_tag","embeddable":true,"href":"http:\/\/www.noticiasdelparana.com.ar\/NuevaEdicion\/wp-json\/wp\/v2\/tags?post=382965"}],"curies":[{"name":"wp","href":"https:\/\/api.w.org\/{rel}","templated":true}]}}