{"id":382970,"date":"2026-09-05T09:45:27","date_gmt":"2026-09-05T12:45:27","guid":{"rendered":"http:\/\/www.noticiasdelparana.com.ar\/NuevaEdicion\/?p=382970"},"modified":"2026-09-05T09:45:32","modified_gmt":"2026-09-05T12:45:32","slug":"corrientes-vandalismo-robaron-cables-y-danaron-luminarias-en-plazas-la-cruz-y-belgrano","status":"publish","type":"post","link":"http:\/\/www.noticiasdelparana.com.ar\/NuevaEdicion\/2026\/09\/05\/corrientes-vandalismo-robaron-cables-y-danaron-luminarias-en-plazas-la-cruz-y-belgrano\/","title":{"rendered":"CORRIENTES: Vandalismo: Robaron Cables Y Da\u00f1aron Luminarias En Plazas La Cruz Y Belgrano"},"content":{"rendered":"\n<p>Una nueva seguidilla de hechos delictivos vinculados al robo de cables y vandalismo provoc\u00f3 alarma en los paseos p\u00fablicos del casco c\u00e9ntrico de la ciudad de Corrientes.&nbsp;<\/p>\n\n\n\n<p>Entre el jueves y viernes, cuadrillas operativas constataron severos destrozos en las luminarias de las plazas La Cruz y Belgrano, donde los agresores da\u00f1aron los artefactos y dejaron el cableado de alimentaci\u00f3n el\u00e9ctrica al descubierto.<\/p>\n\n\n\n<p>La Municipalidad advirti\u00f3 que m\u00e1s all\u00e1 del costo econ\u00f3mico de reposici\u00f3n de los insumos, el principal factor de riesgo radica en la peligrosidad de las instalaciones manipuladas, dado que los cables expuestos permanecen con tensi\u00f3n activa, representando una amenaza directa de electrocuci\u00f3n para ni\u00f1os y transe\u00fantes.<\/p>\n\n\n\n<p>Vandalismo en Corrientes: robaron cables y da\u00f1aron luminarias en plazas La Cruz y Belgrano<\/p>\n\n\n\n<p>Denuncia fiscal y pedido de colaboraci\u00f3n a los vecinos<\/p>\n\n\n\n<p>Ante la gravedad del caso, las autoridades municipales formalizaron la presentaci\u00f3n judicial correspondiente en la Comisar\u00eda Seccional Primera, quedando la causa caratulada bajo el Legajo de Investigaci\u00f3n Fiscal N\u00b0 214723\/2026.<\/p>\n\n\n\n<p>La Comuna inst\u00f3 a la comunidad a colaborar con la prevenci\u00f3n de estos delitos e informaron que, ante cualquier movimiento sospechoso o manipulaci\u00f3n irregular de los postes de alumbrado, se debe realizar la denuncia inmediata a trav\u00e9s de la l\u00ednea de atenci\u00f3n municipal 147 o al servicio de emergencias policiales 911.<\/p>\n","protected":false},"excerpt":{"rendered":"<p>05-Sep-26 Entre el jueves y viernes se detectaron destrozos en los sistemas de alumbrado p\u00fablico de ambos espacios verdes de la capital. La Municipalidad radic\u00f3 la denuncia penal tras constatar que los ataques. <\/p>\n","protected":false},"author":3,"featured_media":382971,"comment_status":"closed","ping_status":"closed","sticky":false,"template":"","format":"standard","meta":[],"categories":[139],"tags":[],"_links":{"self":[{"href":"http:\/\/www.noticiasdelparana.com.ar\/NuevaEdicion\/wp-json\/wp\/v2\/posts\/382970"}],"collection":[{"href":"http:\/\/www.noticiasdelparana.com.ar\/NuevaEdicion\/wp-json\/wp\/v2\/posts"}],"about":[{"href":"http:\/\/www.noticiasdelparana.com.ar\/NuevaEdicion\/wp-json\/wp\/v2\/types\/post"}],"author":[{"embeddable":true,"href":"http:\/\/www.noticiasdelparana.com.ar\/NuevaEdicion\/wp-json\/wp\/v2\/users\/3"}],"replies":[{"embeddable":true,"href":"http:\/\/www.noticiasdelparana.com.ar\/NuevaEdicion\/wp-json\/wp\/v2\/comments?post=382970"}],"version-history":[{"count":1,"href":"http:\/\/www.noticiasdelparana.com.ar\/NuevaEdicion\/wp-json\/wp\/v2\/posts\/382970\/revisions"}],"predecessor-version":[{"id":382972,"href":"http:\/\/www.noticiasdelparana.com.ar\/NuevaEdicion\/wp-json\/wp\/v2\/posts\/382970\/revisions\/382972"}],"wp:featuredmedia":[{"embeddable":true,"href":"http:\/\/www.noticiasdelparana.com.ar\/NuevaEdicion\/wp-json\/wp\/v2\/media\/382971"}],"wp:attachment":[{"href":"http:\/\/www.noticiasdelparana.com.ar\/NuevaEdicion\/wp-json\/wp\/v2\/media?parent=382970"}],"wp:term":[{"taxonomy":"category","embeddable":true,"href":"http:\/\/www.noticiasdelparana.com.ar\/NuevaEdicion\/wp-json\/wp\/v2\/categories?post=382970"},{"taxonomy":"post_tag","embeddable":true,"href":"http:\/\/www.noticiasdelparana.com.ar\/NuevaEdicion\/wp-json\/wp\/v2\/tags?post=382970"}],"curies":[{"name":"wp","href":"https:\/\/api.w.org\/{rel}","templated":true}]}}