{"id":382977,"date":"2026-09-05T10:04:19","date_gmt":"2026-09-05T13:04:19","guid":{"rendered":"http:\/\/www.noticiasdelparana.com.ar\/NuevaEdicion\/?p=382977"},"modified":"2026-09-05T10:04:28","modified_gmt":"2026-09-05T13:04:28","slug":"puerto-vilelas-intervencion-de-la-gum-para-evitar-danos-en-los-juegos-infantiles-de-una-plaza","status":"publish","type":"post","link":"http:\/\/www.noticiasdelparana.com.ar\/NuevaEdicion\/2026\/09\/05\/puerto-vilelas-intervencion-de-la-gum-para-evitar-danos-en-los-juegos-infantiles-de-una-plaza\/","title":{"rendered":"PUERTO VILELAS:   Intervenci\u00f3n de la GUM Para Evitar Da\u00f1os En Los Juegos Infantiles De Una Plaza"},"content":{"rendered":"\n<p>Personal de la Guardia Urbana Municipal de Puerto Vilelas intervino durante la madrugada de este viernes luego de que el Centro de Monitoreo detectara, mediante las c\u00e1maras de videovigilancia, a un grupo de personas adultas utilizando de manera inadecuada los juegos infantiles de la plaza ubicada en el barrio 60 Viviendas.<\/p>\n\n\n\n<p>Seg\u00fan informaron desde la Secretar\u00eda de Seguridad P\u00fablica, Vial y Ambiental, la situaci\u00f3n fue advertida por los operadores del sistema de monitoreo, quienes observaron que varias personas hac\u00edan uso de instalaciones destinadas exclusivamente a ni\u00f1os y ni\u00f1as, poniendo en riesgo la integridad de los juegos y su correcto funcionamiento.<\/p>\n\n\n\n<p>Tras el alerta, efectivos de la Guardia Urbana se dirigieron al lugar y solicitaron a los involucrados que cesaran la actividad, record\u00e1ndoles la importancia de preservar los espacios p\u00fablicos y respetar el uso para el cual fueron dise\u00f1ados.<\/p>\n\n\n\n<p>Desde el municipio se\u00f1alaron que los juegos recreativos est\u00e1n destinados a la infancia y que su deterioro afecta directamente a los ni\u00f1os y ni\u00f1as que utilizan diariamente estos espacios de recreaci\u00f3n y encuentro.<\/p>\n\n\n\n<p>Asimismo, hicieron un llamado a la comunidad para colaborar en el cuidado de plazas, paseos y equipamiento urbano, destacando que la preservaci\u00f3n de estos lugares es una responsabilidad compartida entre vecinos y autoridades.<\/p>\n\n\n\n<p>Finalmente, recordaron que ante hechos de vandalismo o uso indebido de bienes p\u00fablicos, los ciudadanos pueden comunicarse con la Guardia Urbana Municipal para realizar las denuncias correspondientes y contribuir al cuidado de los espacios comunes.<\/p>\n","protected":false},"excerpt":{"rendered":"<p>05-Sep-26   Personas adultas estaban utilizando   los juegos infantiles de la plaza ubicada en el barrio 60 Viviendas.<\/p>\n","protected":false},"author":3,"featured_media":382978,"comment_status":"closed","ping_status":"closed","sticky":false,"template":"","format":"standard","meta":[],"categories":[108,101],"tags":[],"_links":{"self":[{"href":"http:\/\/www.noticiasdelparana.com.ar\/NuevaEdicion\/wp-json\/wp\/v2\/posts\/382977"}],"collection":[{"href":"http:\/\/www.noticiasdelparana.com.ar\/NuevaEdicion\/wp-json\/wp\/v2\/posts"}],"about":[{"href":"http:\/\/www.noticiasdelparana.com.ar\/NuevaEdicion\/wp-json\/wp\/v2\/types\/post"}],"author":[{"embeddable":true,"href":"http:\/\/www.noticiasdelparana.com.ar\/NuevaEdicion\/wp-json\/wp\/v2\/users\/3"}],"replies":[{"embeddable":true,"href":"http:\/\/www.noticiasdelparana.com.ar\/NuevaEdicion\/wp-json\/wp\/v2\/comments?post=382977"}],"version-history":[{"count":1,"href":"http:\/\/www.noticiasdelparana.com.ar\/NuevaEdicion\/wp-json\/wp\/v2\/posts\/382977\/revisions"}],"predecessor-version":[{"id":382979,"href":"http:\/\/www.noticiasdelparana.com.ar\/NuevaEdicion\/wp-json\/wp\/v2\/posts\/382977\/revisions\/382979"}],"wp:featuredmedia":[{"embeddable":true,"href":"http:\/\/www.noticiasdelparana.com.ar\/NuevaEdicion\/wp-json\/wp\/v2\/media\/382978"}],"wp:attachment":[{"href":"http:\/\/www.noticiasdelparana.com.ar\/NuevaEdicion\/wp-json\/wp\/v2\/media?parent=382977"}],"wp:term":[{"taxonomy":"category","embeddable":true,"href":"http:\/\/www.noticiasdelparana.com.ar\/NuevaEdicion\/wp-json\/wp\/v2\/categories?post=382977"},{"taxonomy":"post_tag","embeddable":true,"href":"http:\/\/www.noticiasdelparana.com.ar\/NuevaEdicion\/wp-json\/wp\/v2\/tags?post=382977"}],"curies":[{"name":"wp","href":"https:\/\/api.w.org\/{rel}","templated":true}]}}