{"id":382980,"date":"2026-09-05T10:16:04","date_gmt":"2026-09-05T13:16:04","guid":{"rendered":"http:\/\/www.noticiasdelparana.com.ar\/NuevaEdicion\/?p=382980"},"modified":"2026-09-05T10:16:11","modified_gmt":"2026-09-05T13:16:11","slug":"puerto-vilelas-mejoran-la-iluminacion-en-el-lote-24-y-barrio-molinos","status":"publish","type":"post","link":"http:\/\/www.noticiasdelparana.com.ar\/NuevaEdicion\/2026\/09\/05\/puerto-vilelas-mejoran-la-iluminacion-en-el-lote-24-y-barrio-molinos\/","title":{"rendered":"PUERTO VILELAS: Mejoran La Iluminaci\u00f3n En El Lote 24 Y Barrio Molinos."},"content":{"rendered":"\n<p>Las tareas incluyeron mantenimiento, recambio de luminarias y ampliaci\u00f3n de puntos de iluminaci\u00f3n, con el objetivo de mejorar la visibilidad y las condiciones de seguridad en distintos sectores.<\/p>\n\n\n\n<p>El operativo estuvo a cargo de t\u00e9cnicos, personal especializado, con recursos propios del Municipio.<\/p>\n\n\n\n<p>Asimismo, desde la comuna informaron que estas acciones continuar\u00e1n desarroll\u00e1ndose de manera progresiva en otros sectores, hasta abarcar todo el casco urbano, las zonas rurales y las zonas costeras de Puerto Vilelas.<\/p>\n\n\n\n<p>De esta manera, se avanza en el fortalecimiento y mantenimiento del alumbrado p\u00fablico en toda la localidad<\/p>\n","protected":false},"excerpt":{"rendered":"<p>05-Sep-26 La municipalidad de Puerto Vilelas despleg\u00f3 un operativo de mejora, ampliaci\u00f3n y recambio de luminarias del alumbrado p\u00fablico  en los barrios Lote 24 y Molinos.<\/p>\n","protected":false},"author":3,"featured_media":382981,"comment_status":"closed","ping_status":"closed","sticky":false,"template":"","format":"standard","meta":[],"categories":[101],"tags":[],"_links":{"self":[{"href":"http:\/\/www.noticiasdelparana.com.ar\/NuevaEdicion\/wp-json\/wp\/v2\/posts\/382980"}],"collection":[{"href":"http:\/\/www.noticiasdelparana.com.ar\/NuevaEdicion\/wp-json\/wp\/v2\/posts"}],"about":[{"href":"http:\/\/www.noticiasdelparana.com.ar\/NuevaEdicion\/wp-json\/wp\/v2\/types\/post"}],"author":[{"embeddable":true,"href":"http:\/\/www.noticiasdelparana.com.ar\/NuevaEdicion\/wp-json\/wp\/v2\/users\/3"}],"replies":[{"embeddable":true,"href":"http:\/\/www.noticiasdelparana.com.ar\/NuevaEdicion\/wp-json\/wp\/v2\/comments?post=382980"}],"version-history":[{"count":1,"href":"http:\/\/www.noticiasdelparana.com.ar\/NuevaEdicion\/wp-json\/wp\/v2\/posts\/382980\/revisions"}],"predecessor-version":[{"id":382982,"href":"http:\/\/www.noticiasdelparana.com.ar\/NuevaEdicion\/wp-json\/wp\/v2\/posts\/382980\/revisions\/382982"}],"wp:featuredmedia":[{"embeddable":true,"href":"http:\/\/www.noticiasdelparana.com.ar\/NuevaEdicion\/wp-json\/wp\/v2\/media\/382981"}],"wp:attachment":[{"href":"http:\/\/www.noticiasdelparana.com.ar\/NuevaEdicion\/wp-json\/wp\/v2\/media?parent=382980"}],"wp:term":[{"taxonomy":"category","embeddable":true,"href":"http:\/\/www.noticiasdelparana.com.ar\/NuevaEdicion\/wp-json\/wp\/v2\/categories?post=382980"},{"taxonomy":"post_tag","embeddable":true,"href":"http:\/\/www.noticiasdelparana.com.ar\/NuevaEdicion\/wp-json\/wp\/v2\/tags?post=382980"}],"curies":[{"name":"wp","href":"https:\/\/api.w.org\/{rel}","templated":true}]}}