{"id":382983,"date":"2026-09-05T10:26:17","date_gmt":"2026-09-05T13:26:17","guid":{"rendered":"http:\/\/www.noticiasdelparana.com.ar\/NuevaEdicion\/?p=382983"},"modified":"2026-09-05T10:26:22","modified_gmt":"2026-09-05T13:26:22","slug":"cerrito-mas-de-350-efectivos-drones-y-camaras-para-garantizar-la-seguridad-en-la-pesca-del-dorado","status":"publish","type":"post","link":"http:\/\/www.noticiasdelparana.com.ar\/NuevaEdicion\/2026\/09\/05\/cerrito-mas-de-350-efectivos-drones-y-camaras-para-garantizar-la-seguridad-en-la-pesca-del-dorado\/","title":{"rendered":"CERRITO: M\u00e1s De 350 Efectivos, Drones Y C\u00e1maras Para Garantizar La Seguridad En La Pesca Del Dorado"},"content":{"rendered":"\n<p>El Gobierno provincial dispuso un amplio operativo preventivo para acompa\u00f1ar la 22\u00aa edici\u00f3n del Torneo de Pesca con Devoluci\u00f3n del Dorado.<\/p>\n\n\n\n<p>El Gobierno del Chaco despliega un amplio operativo de seguridad en la Isla del Cerrito para acompa\u00f1ar la 22\u00aa edici\u00f3n del Torneo de Pesca con Devoluci\u00f3n del Dorado, uno de los eventos deportivos y tur\u00edsticos m\u00e1s convocantes de la provincia. El operativo, contempla la presencia de m\u00e1s de 350 efectivos por d\u00eda, distribuidos en turnos para garantizar cobertura permanente, adem\u00e1s de drones, 17 c\u00e1maras de videovigilancia, tres embarcaciones policiales y unidades especializadas.<br>El objetivo es brindar seguridad a los pescadores, vecinos, turistas y familias que participan de la tradicional fiesta chaque\u00f1a.<br>Durante la jornada de este viernes, el ministro de Seguridad, Hugo Matkovich, y el jefe de la Polic\u00eda del Chaco, comisario general (R) Fernando Javier Romero, supervisaron personalmente los puestos de control, los accesos a la localidad y el predio donde se concentra gran parte de las actividades. \u201cTenemos m\u00e1s de 350 efectivos por d\u00eda, tecnolog\u00eda y distintas unidades trabajando de manera coordinada. La decisi\u00f3n del gobernador Leandro Zdero es acompa\u00f1ar esta gran fiesta y generar las condiciones para que chaque\u00f1os y visitantes puedan disfrutarla con tranquilidad\u201d, destac\u00f3 Matkovich.<\/p>\n\n\n\n<p>PREVENCI\u00d3N POR TIERRA Y AGUA<br>El esquema de seguridad contempla controles de tr\u00e1nsito en los principales accesos, recorridas sobre la Ruta Provincial N\u00b0 63, control de animales sueltos y patrullajes preventivos en el casco urbano y caminos rurales.<br>Tambi\u00e9n se dispuso la presencia de agentes caminantes en zonas de camping, pesca y sectores de alta concentraci\u00f3n de p\u00fablico. En el frente fluvial, tres embarcaciones policiales realizan patrullajes sobre la costa y el r\u00edo, reforzando la prevenci\u00f3n y la capacidad de respuesta ante cualquier eventualidad.<br>Del operativo participan efectivos de Polic\u00eda Caminera, Seguridad Rural y Ambiental, Investigaciones, Consumos Problem\u00e1ticos, Operaciones Estrat\u00e9gicas LINCE, Bomberos, unidades especiales, personal de civil, Comunicaciones y Enlace, equipos m\u00e9dicos y log\u00edsticos, adem\u00e1s de operadores de drones y otras \u00e1reas de apoyo. Tambi\u00e9n se suma el Servicio Penitenciario Provincial.<\/p>\n\n\n\n<p>C\u00c1MARAS Y MONITOREO EN TIEMPO REAL<br>La prevenci\u00f3n territorial se complementa con un importante despliegue tecnol\u00f3gico. El Departamento Centro de Monitoreo 911, a trav\u00e9s de la Divisi\u00f3n Videovigilancia, habilit\u00f3 dos box de monitoreo conectados a 17 c\u00e1maras de seguridad.<br>El sistema cuenta con cinco domos, c\u00e1maras panor\u00e1micas y c\u00e1maras fijas, distribuidas estrat\u00e9gicamente en sectores de ingreso y egreso, estacionamiento, \u00e1rea gastron\u00f3mica, Costanera, camping, anfiteatro y otros puntos de alta circulaci\u00f3n.<br>A este dispositivo se incorporan drones y equipos de filmaci\u00f3n, que permiten ampliar la cobertura visual y facilitar una intervenci\u00f3n r\u00e1pida ante cualquier situaci\u00f3n que requiera asistencia.<br>Adem\u00e1s del operativo preventivo, la Polic\u00eda del Chaco y el Servicio Penitenciario Provincial cuentan con stands institucionales dentro del predio, donde vecinos y visitantes pueden conocer el trabajo, los recursos y las capacidades de ambas fuerzas.<br>El Gobierno del Chaco refuerza la presencia del Estado y la prevenci\u00f3n en uno de los eventos tur\u00edsticos m\u00e1s importantes de la provincia, con recursos humanos, tecnolog\u00eda y capacidad operativa para garantizar el normal desarrollo de la 22\u00aa Pesca del Dorado.<br>La decisi\u00f3n es acompa\u00f1ar el crecimiento de los grandes eventos chaque\u00f1os con seguridad, prevenci\u00f3n y un Estado presente en cada punto de la provincia.<br>S\u00c1ENZ PE\u00d1A: El Gobernador Zdero Firm\u00f3 El Convenio Para Terminar La Avenida Espa\u00f1a<\/p>\n\n\n\n<p>05-Sep-26 La cuarta y \u00faltima etapa contempla pavimento, desag\u00fces pluviales, iluminaci\u00f3n LED y se\u00f1al\u00e9tica. La obra permitir\u00e1 mejorar la circulaci\u00f3n, la seguridad vial y el escurrimiento del agua en la zona Norte de la ciudad.<\/p>\n\n\n\n<p>El gobernador Leandro Zdero y el intendente de Presidencia Roque S\u00e1enz Pe\u00f1a, Bruno Cipolini, firmaron este viernes el convenio que habilita la ejecuci\u00f3n de la cuarta y \u00faltima etapa de la pavimentaci\u00f3n de la avenida Espa\u00f1a, una obra de infraestructura de gran magnitud que permitir\u00e1 jerarquizar la zona Norte de la ciudad y mejorar las condiciones de circulaci\u00f3n y drenaje urbano. El proyecto, desarrollado en articulaci\u00f3n con el Municipio, es una obra largamente esperada por los vecinos de la ciudad termal.<br>Durante la firma, el Gobernador Zdero destac\u00f3 la importancia de avanzar con infraestructura que permita anticiparse a situaciones de emergencia y mejorar la calidad de vida de los chaque\u00f1os. En ese sentido, se\u00f1al\u00f3 que la obra contribuir\u00e1 a mitigar los efectos de lluvias intensas y eventuales anegamientos, especialmente ante escenarios clim\u00e1ticos adversos como los que podr\u00edan presentarse con la llegada del denominado \u201cS\u00faper Ni\u00f1o\u201d. \u201cEsta obra viene a mitigar una situaci\u00f3n que puede darse ante inclemencias abundantes como la llegada del S\u00faper Ni\u00f1o\u201d, sostuvo el mandatario.<\/p>\n\n\n\n<p>M\u00c1S INFRAESTRUCTURA Y MENOS RIESGO DE ANEGAMIENTOS<br>La intervenci\u00f3n contempla un sistema integral de canalizaci\u00f3n y escurrimiento de aguas pluviales, mediante la colocaci\u00f3n de entubados, sumideros y canales que permitir\u00e1n eliminar las cunetas a cielo abierto y conducir de manera m\u00e1s eficiente el agua de lluvia.<br>De esta manera, la obra no solo permitir\u00e1 mejorar la transitabilidad de la avenida, sino tambi\u00e9n reducir el riesgo de anegamientos y brindar una soluci\u00f3n de infraestructura acorde al crecimiento de la ciudad.<br>Adem\u00e1s, se construir\u00e1n rampas accesibles en las esquinas, favoreciendo el desplazamiento de personas con movilidad reducida y facilitando tambi\u00e9n la circulaci\u00f3n de los vecinos.<br>En materia de seguridad vial, se prev\u00e9 el recambio integral de luminarias por tecnolog\u00eda LED de alta eficiencia, lo que permitir\u00e1 mejorar la iluminaci\u00f3n del corredor y contribuir\u00e1 a una circulaci\u00f3n m\u00e1s segura.<\/p>\n\n\n\n<p>TRABAJO CONJUNTO ENTRE PROVINCIA Y MUNICIPIO<br>Cipolini destac\u00f3 la articulaci\u00f3n con el Gobierno provincial y valor\u00f3 el avance de una obra de gran impacto para la comunidad saenzpe\u00f1ense. \u201cLa pavimentaci\u00f3n de la avenida Espa\u00f1a es una obra de gran magnitud, muy esperada por los vecinos\u201d, afirm\u00f3 el intendente.<br>El convenio refleja el trabajo conjunto entre Provincia y Municipio para establecer prioridades y concretar obras estrat\u00e9gicas que respondan a las necesidades de los vecinos y acompa\u00f1en el crecimiento urbano de Presidencia Roque S\u00e1enz Pe\u00f1a.<br>Participaron del acto los ministros de Infraestructura, Obras y Servicios P\u00fablicos, Hugo Dom\u00ednguez; y de Gobierno, Justicia, Trabajo y Derechos Humanos, Carim Peche; el subsecretario de Proyectos, Jorge Gris\u00f3stolo; el diputado nacional Gerardo Cipolini; los diputados provinciales Marilyn Rodr\u00edguez y Edgardo Reguera, adem\u00e1s de funcionarios provinciales y municipales.<\/p>\n","protected":false},"excerpt":{"rendered":"<p>05-Sep-26  Habr\u00e1 vigilancia permanente, controles viales, patrullajes terrestres y fluviales y monitoreo tecnol\u00f3gico durante las 24 horas.<\/p>\n","protected":false},"author":3,"featured_media":382984,"comment_status":"closed","ping_status":"closed","sticky":false,"template":"","format":"standard","meta":[],"categories":[103],"tags":[],"_links":{"self":[{"href":"http:\/\/www.noticiasdelparana.com.ar\/NuevaEdicion\/wp-json\/wp\/v2\/posts\/382983"}],"collection":[{"href":"http:\/\/www.noticiasdelparana.com.ar\/NuevaEdicion\/wp-json\/wp\/v2\/posts"}],"about":[{"href":"http:\/\/www.noticiasdelparana.com.ar\/NuevaEdicion\/wp-json\/wp\/v2\/types\/post"}],"author":[{"embeddable":true,"href":"http:\/\/www.noticiasdelparana.com.ar\/NuevaEdicion\/wp-json\/wp\/v2\/users\/3"}],"replies":[{"embeddable":true,"href":"http:\/\/www.noticiasdelparana.com.ar\/NuevaEdicion\/wp-json\/wp\/v2\/comments?post=382983"}],"version-history":[{"count":1,"href":"http:\/\/www.noticiasdelparana.com.ar\/NuevaEdicion\/wp-json\/wp\/v2\/posts\/382983\/revisions"}],"predecessor-version":[{"id":382985,"href":"http:\/\/www.noticiasdelparana.com.ar\/NuevaEdicion\/wp-json\/wp\/v2\/posts\/382983\/revisions\/382985"}],"wp:featuredmedia":[{"embeddable":true,"href":"http:\/\/www.noticiasdelparana.com.ar\/NuevaEdicion\/wp-json\/wp\/v2\/media\/382984"}],"wp:attachment":[{"href":"http:\/\/www.noticiasdelparana.com.ar\/NuevaEdicion\/wp-json\/wp\/v2\/media?parent=382983"}],"wp:term":[{"taxonomy":"category","embeddable":true,"href":"http:\/\/www.noticiasdelparana.com.ar\/NuevaEdicion\/wp-json\/wp\/v2\/categories?post=382983"},{"taxonomy":"post_tag","embeddable":true,"href":"http:\/\/www.noticiasdelparana.com.ar\/NuevaEdicion\/wp-json\/wp\/v2\/tags?post=382983"}],"curies":[{"name":"wp","href":"https:\/\/api.w.org\/{rel}","templated":true}]}}