{"id":382986,"date":"2026-09-05T10:35:03","date_gmt":"2026-09-05T13:35:03","guid":{"rendered":"http:\/\/www.noticiasdelparana.com.ar\/NuevaEdicion\/?p=382986"},"modified":"2026-09-05T10:35:09","modified_gmt":"2026-09-05T13:35:09","slug":"charata-joven-resulto-herido-tras-caer-a-un-canal-con-su-moto","status":"publish","type":"post","link":"http:\/\/www.noticiasdelparana.com.ar\/NuevaEdicion\/2026\/09\/05\/charata-joven-resulto-herido-tras-caer-a-un-canal-con-su-moto\/","title":{"rendered":"CHARATA: Joven Result\u00f3 Herido Tras Caer A Un Canal Con Su Moto"},"content":{"rendered":"\n<p>El siniestro vial ocurri\u00f3 esta noche, cuando el joven circulaba a bordo de una motocicleta Keller de 110 cc. Seg\u00fan manifest\u00f3 el propio conductor a los efectivos policiales, el rodado habr\u00eda quedado acelerado, lo que le impidi\u00f3 frenar y provoc\u00f3 que perdiera el control y cayera al canal.<\/p>\n\n\n\n<p>Tras el aviso, personal de la Comisar\u00eda Segunda de Charata acudi\u00f3 al lugar y solicit\u00f3 una ambulancia para trasladar al motociclista al Hospital Enrique V. de Llamas.<\/p>\n\n\n\n<p>De acuerdo con el informe m\u00e9dico preliminar, present\u00f3 politraumatismos, fractura expuesta de antebrazo izquierdo y pierna derecha, fractura expuesta de f\u00e9mur en la pierna izquierda y fractura de tibia y peron\u00e9.<\/p>\n\n\n\n<p>Debido a la gravedad de las lesiones, el joven fue derivado al Hospital 4 de Junio de Presidencia Roque S\u00e1enz Pe\u00f1a para recibir atenci\u00f3n especializada.<\/p>\n\n\n\n<p>La Fiscal\u00eda de Investigaci\u00f3n Penal N\u00b0 1, a cargo de la Dra. Anah\u00ed Fern\u00e1ndez, dispuso la realizaci\u00f3n del acta de constataci\u00f3n, tomas fotogr\u00e1ficas y el secuestro preventivo de la motocicleta. Intervino personal de la Comisar\u00eda Segunda, con colaboraci\u00f3n del Grupo C.O.M.<\/p>\n\n\n\n<p>Fuente El Movilero<\/p>\n","protected":false},"excerpt":{"rendered":"<p>05-Sep-26   Un joven de 22 a\u00f1os sufri\u00f3 graves lesiones luego de perder el control de la motocicleta que conduc\u00eda y terminar dentro de un canal de desag\u00fce ubicado sobre avenida Liniers y calle Velez Sarsfield, en cercan\u00edas de las v\u00edas f\u00e9rreas de Charata.<\/p>\n","protected":false},"author":3,"featured_media":382987,"comment_status":"closed","ping_status":"closed","sticky":false,"template":"","format":"standard","meta":[],"categories":[103],"tags":[],"_links":{"self":[{"href":"http:\/\/www.noticiasdelparana.com.ar\/NuevaEdicion\/wp-json\/wp\/v2\/posts\/382986"}],"collection":[{"href":"http:\/\/www.noticiasdelparana.com.ar\/NuevaEdicion\/wp-json\/wp\/v2\/posts"}],"about":[{"href":"http:\/\/www.noticiasdelparana.com.ar\/NuevaEdicion\/wp-json\/wp\/v2\/types\/post"}],"author":[{"embeddable":true,"href":"http:\/\/www.noticiasdelparana.com.ar\/NuevaEdicion\/wp-json\/wp\/v2\/users\/3"}],"replies":[{"embeddable":true,"href":"http:\/\/www.noticiasdelparana.com.ar\/NuevaEdicion\/wp-json\/wp\/v2\/comments?post=382986"}],"version-history":[{"count":1,"href":"http:\/\/www.noticiasdelparana.com.ar\/NuevaEdicion\/wp-json\/wp\/v2\/posts\/382986\/revisions"}],"predecessor-version":[{"id":382988,"href":"http:\/\/www.noticiasdelparana.com.ar\/NuevaEdicion\/wp-json\/wp\/v2\/posts\/382986\/revisions\/382988"}],"wp:featuredmedia":[{"embeddable":true,"href":"http:\/\/www.noticiasdelparana.com.ar\/NuevaEdicion\/wp-json\/wp\/v2\/media\/382987"}],"wp:attachment":[{"href":"http:\/\/www.noticiasdelparana.com.ar\/NuevaEdicion\/wp-json\/wp\/v2\/media?parent=382986"}],"wp:term":[{"taxonomy":"category","embeddable":true,"href":"http:\/\/www.noticiasdelparana.com.ar\/NuevaEdicion\/wp-json\/wp\/v2\/categories?post=382986"},{"taxonomy":"post_tag","embeddable":true,"href":"http:\/\/www.noticiasdelparana.com.ar\/NuevaEdicion\/wp-json\/wp\/v2\/tags?post=382986"}],"curies":[{"name":"wp","href":"https:\/\/api.w.org\/{rel}","templated":true}]}}