{"id":382989,"date":"2026-09-05T10:49:21","date_gmt":"2026-09-05T13:49:21","guid":{"rendered":"http:\/\/www.noticiasdelparana.com.ar\/NuevaEdicion\/?p=382989"},"modified":"2026-09-05T10:49:23","modified_gmt":"2026-09-05T13:49:23","slug":"saenz-pena-zdero-firmo-el-convenio-para-terminar-la-avenida-espana","status":"publish","type":"post","link":"http:\/\/www.noticiasdelparana.com.ar\/NuevaEdicion\/2026\/09\/05\/saenz-pena-zdero-firmo-el-convenio-para-terminar-la-avenida-espana\/","title":{"rendered":"S\u00c1ENZ PE\u00d1A:  Zdero Firm\u00f3 El Convenio Para Terminar La Avenida Espa\u00f1a"},"content":{"rendered":"\n<p>El gobernador Leandro Zdero y el intendente de Presidencia Roque S\u00e1enz Pe\u00f1a, Bruno Cipolini, firmaron este viernes el convenio que habilita la ejecuci\u00f3n de la cuarta y \u00faltima etapa de la pavimentaci\u00f3n de la avenida Espa\u00f1a, una obra de infraestructura de gran magnitud que permitir\u00e1 jerarquizar la zona Norte de la ciudad y mejorar las condiciones de circulaci\u00f3n y drenaje urbano. El proyecto, desarrollado en articulaci\u00f3n con el Municipio, es una obra largamente esperada por los vecinos de la ciudad termal.<\/p>\n\n\n\n<p>Durante la firma, el Gobernador Zdero destac\u00f3 la importancia de avanzar con infraestructura que permita anticiparse a situaciones de emergencia y mejorar la calidad de vida de los chaque\u00f1os. En ese sentido, se\u00f1al\u00f3 que la obra contribuir\u00e1 a mitigar los efectos de lluvias intensas y eventuales anegamientos, especialmente ante escenarios clim\u00e1ticos adversos como los que podr\u00edan presentarse con la llegada del denominado \u201cS\u00faper Ni\u00f1o\u201d. \u201cEsta obra viene a mitigar una situaci\u00f3n que puede darse ante inclemencias abundantes como la llegada del S\u00faper Ni\u00f1o\u201d, sostuvo el mandatario.<\/p>\n\n\n\n<p>M\u00c1S INFRAESTRUCTURA Y MENOS RIESGO DE ANEGAMIENTOS<\/p>\n\n\n\n<p>La intervenci\u00f3n contempla un sistema integral de canalizaci\u00f3n y escurrimiento de aguas pluviales, mediante la colocaci\u00f3n de entubados, sumideros y canales que permitir\u00e1n eliminar las cunetas a cielo abierto y conducir de manera m\u00e1s eficiente el agua de lluvia.<\/p>\n\n\n\n<p>De esta manera, la obra no solo permitir\u00e1 mejorar la transitabilidad de la avenida, sino tambi\u00e9n reducir el riesgo de anegamientos y brindar una soluci\u00f3n de infraestructura acorde al crecimiento de la ciudad.<\/p>\n\n\n\n<p>Adem\u00e1s, se construir\u00e1n rampas accesibles en las esquinas, favoreciendo el desplazamiento de personas con movilidad reducida y facilitando tambi\u00e9n la circulaci\u00f3n de los vecinos.&nbsp;<\/p>\n\n\n\n<p>En materia de seguridad vial, se prev\u00e9 el recambio integral de luminarias por tecnolog\u00eda LED de alta eficiencia, lo que permitir\u00e1 mejorar la iluminaci\u00f3n del corredor y contribuir\u00e1 a una circulaci\u00f3n m\u00e1s segura.<\/p>\n\n\n\n<p>TRABAJO CONJUNTO ENTRE PROVINCIA Y MUNICIPIO<\/p>\n\n\n\n<p>Cipolini destac\u00f3 la articulaci\u00f3n con el Gobierno provincial y valor\u00f3 el avance de una obra de gran impacto para la comunidad saenzpe\u00f1ense. \u201cLa pavimentaci\u00f3n de la avenida Espa\u00f1a es una obra de gran magnitud, muy esperada por los vecinos\u201d, afirm\u00f3 el intendente.<\/p>\n\n\n\n<p>El convenio refleja el trabajo conjunto entre Provincia y Municipio para establecer prioridades y concretar obras estrat\u00e9gicas que respondan a las necesidades de los vecinos y acompa\u00f1en el crecimiento urbano de Presidencia Roque S\u00e1enz Pe\u00f1a.<\/p>\n\n\n\n<p>Participaron del acto los ministros de Infraestructura, Obras y Servicios P\u00fablicos, Hugo Dom\u00ednguez; y de Gobierno, Justicia, Trabajo y Derechos Humanos, Carim Peche; el subsecretario de Proyectos, Jorge Gris\u00f3stolo; el diputado nacional Gerardo Cipolini; los diputados provinciales Marilyn Rodr\u00edguez y Edgardo Reguera, adem\u00e1s de funcionarios provinciales y municipales.<\/p>\n","protected":false},"excerpt":{"rendered":"<p>05-Sep-26  La cuarta y \u00faltima etapa contempla pavimento, desag\u00fces pluviales, iluminaci\u00f3n LED y se\u00f1al\u00e9tica. La obra permitir\u00e1 mejorar la circulaci\u00f3n, la seguridad vial y el escurrimiento del agua en la zona Norte de la ciudad.<\/p>\n","protected":false},"author":3,"featured_media":382990,"comment_status":"closed","ping_status":"closed","sticky":false,"template":"","format":"standard","meta":[],"categories":[98],"tags":[],"_links":{"self":[{"href":"http:\/\/www.noticiasdelparana.com.ar\/NuevaEdicion\/wp-json\/wp\/v2\/posts\/382989"}],"collection":[{"href":"http:\/\/www.noticiasdelparana.com.ar\/NuevaEdicion\/wp-json\/wp\/v2\/posts"}],"about":[{"href":"http:\/\/www.noticiasdelparana.com.ar\/NuevaEdicion\/wp-json\/wp\/v2\/types\/post"}],"author":[{"embeddable":true,"href":"http:\/\/www.noticiasdelparana.com.ar\/NuevaEdicion\/wp-json\/wp\/v2\/users\/3"}],"replies":[{"embeddable":true,"href":"http:\/\/www.noticiasdelparana.com.ar\/NuevaEdicion\/wp-json\/wp\/v2\/comments?post=382989"}],"version-history":[{"count":1,"href":"http:\/\/www.noticiasdelparana.com.ar\/NuevaEdicion\/wp-json\/wp\/v2\/posts\/382989\/revisions"}],"predecessor-version":[{"id":382991,"href":"http:\/\/www.noticiasdelparana.com.ar\/NuevaEdicion\/wp-json\/wp\/v2\/posts\/382989\/revisions\/382991"}],"wp:featuredmedia":[{"embeddable":true,"href":"http:\/\/www.noticiasdelparana.com.ar\/NuevaEdicion\/wp-json\/wp\/v2\/media\/382990"}],"wp:attachment":[{"href":"http:\/\/www.noticiasdelparana.com.ar\/NuevaEdicion\/wp-json\/wp\/v2\/media?parent=382989"}],"wp:term":[{"taxonomy":"category","embeddable":true,"href":"http:\/\/www.noticiasdelparana.com.ar\/NuevaEdicion\/wp-json\/wp\/v2\/categories?post=382989"},{"taxonomy":"post_tag","embeddable":true,"href":"http:\/\/www.noticiasdelparana.com.ar\/NuevaEdicion\/wp-json\/wp\/v2\/tags?post=382989"}],"curies":[{"name":"wp","href":"https:\/\/api.w.org\/{rel}","templated":true}]}}