{"id":382992,"date":"2026-09-05T11:03:30","date_gmt":"2026-09-05T14:03:30","guid":{"rendered":"http:\/\/www.noticiasdelparana.com.ar\/NuevaEdicion\/?p=382992"},"modified":"2026-09-05T11:03:34","modified_gmt":"2026-09-05T14:03:34","slug":"barranqueras-vecinos-de-villa-rossi-reclaman-mayor-presencia-policial-ante-reiterados-hechos-de-inseguridad","status":"publish","type":"post","link":"http:\/\/www.noticiasdelparana.com.ar\/NuevaEdicion\/2026\/09\/05\/barranqueras-vecinos-de-villa-rossi-reclaman-mayor-presencia-policial-ante-reiterados-hechos-de-inseguridad\/","title":{"rendered":"BARRANQUERAS: Vecinos De Villa Rossi Reclaman Mayor Presencia Policial Ante Reiterados Hechos De Inseguridad"},"content":{"rendered":"\n<p>A trav\u00e9s de un reclamo p\u00fablico, una residente asegur\u00f3 que los robos ocurren pr\u00e1cticamente todas las noches y que los delincuentes sustraen cables, medidores y otros elementos que encuentran a su alcance.<\/p>\n\n\n\n<p>La situaci\u00f3n habr\u00eda alcanzado un punto cr\u00edtico cuando una persona que intentaba robar cables termin\u00f3 cayendo de un poste y qued\u00f3 colgada de los tendidos el\u00e9ctricos en una zona de alta circulaci\u00f3n, ubicada en la intersecci\u00f3n de avenida Sargento Cabral y Don Orione, donde funcionan establecimientos educativos de nivel inicial, primario y secundario.<\/p>\n\n\n\n<p>Seg\u00fan la denunciante, los vecinos realizaron llamados al servicio de emergencias 911 para alertar sobre la situaci\u00f3n, aunque sostienen que la respuesta policial no fue la esperada. En ese sentido, cuestionaron las demoras en la llegada de los m\u00f3viles y la falta de resultados concretos en la prevenci\u00f3n y persecuci\u00f3n de los delitos denunciados.<\/p>\n\n\n\n<p>La mujer relat\u00f3 adem\u00e1s que durante la madrugada de este jueves alert\u00f3 a la Polic\u00eda sobre la presencia de un sospechoso y brind\u00f3 detalles sobre sus caracter\u00edsticas y direcci\u00f3n de fuga. Sin embargo, asegur\u00f3 que el m\u00f3vil policial permaneci\u00f3 varios minutos detenido en el lugar sin realizar recorridas inmediatas por la zona.<\/p>\n\n\n\n<p>&#8220;Estamos hartos de esta situaci\u00f3n. Ya no sabemos m\u00e1s a qui\u00e9n recurrir&#8221;, expres\u00f3 la vecina, reflejando el sentimiento de preocupaci\u00f3n que, seg\u00fan afirm\u00f3, comparten numerosos habitantes del barrio.<\/p>\n\n\n\n<p>Los vecinos solicitan una mayor presencia policial, patrullajes preventivos y respuestas m\u00e1s r\u00e1pidas ante los llamados de emergencia, con el objetivo de frenar los hechos delictivos que afectan a la comunidad.<\/p>\n","protected":false},"excerpt":{"rendered":"<p>  05-Sep-26 Vecinos de Villa Rossi manifestaron su preocupaci\u00f3n y malestar por los reiterados hechos de inseguridad que, seg\u00fan denuncian, se registran de manera constante en el barrio y afectan tanto a particulares como a servicios p\u00fablicos esenciales.<\/p>\n","protected":false},"author":3,"featured_media":382993,"comment_status":"closed","ping_status":"closed","sticky":false,"template":"","format":"standard","meta":[],"categories":[99],"tags":[],"_links":{"self":[{"href":"http:\/\/www.noticiasdelparana.com.ar\/NuevaEdicion\/wp-json\/wp\/v2\/posts\/382992"}],"collection":[{"href":"http:\/\/www.noticiasdelparana.com.ar\/NuevaEdicion\/wp-json\/wp\/v2\/posts"}],"about":[{"href":"http:\/\/www.noticiasdelparana.com.ar\/NuevaEdicion\/wp-json\/wp\/v2\/types\/post"}],"author":[{"embeddable":true,"href":"http:\/\/www.noticiasdelparana.com.ar\/NuevaEdicion\/wp-json\/wp\/v2\/users\/3"}],"replies":[{"embeddable":true,"href":"http:\/\/www.noticiasdelparana.com.ar\/NuevaEdicion\/wp-json\/wp\/v2\/comments?post=382992"}],"version-history":[{"count":1,"href":"http:\/\/www.noticiasdelparana.com.ar\/NuevaEdicion\/wp-json\/wp\/v2\/posts\/382992\/revisions"}],"predecessor-version":[{"id":382994,"href":"http:\/\/www.noticiasdelparana.com.ar\/NuevaEdicion\/wp-json\/wp\/v2\/posts\/382992\/revisions\/382994"}],"wp:featuredmedia":[{"embeddable":true,"href":"http:\/\/www.noticiasdelparana.com.ar\/NuevaEdicion\/wp-json\/wp\/v2\/media\/382993"}],"wp:attachment":[{"href":"http:\/\/www.noticiasdelparana.com.ar\/NuevaEdicion\/wp-json\/wp\/v2\/media?parent=382992"}],"wp:term":[{"taxonomy":"category","embeddable":true,"href":"http:\/\/www.noticiasdelparana.com.ar\/NuevaEdicion\/wp-json\/wp\/v2\/categories?post=382992"},{"taxonomy":"post_tag","embeddable":true,"href":"http:\/\/www.noticiasdelparana.com.ar\/NuevaEdicion\/wp-json\/wp\/v2\/tags?post=382992"}],"curies":[{"name":"wp","href":"https:\/\/api.w.org\/{rel}","templated":true}]}}