{"id":382995,"date":"2026-09-05T11:15:26","date_gmt":"2026-09-05T14:15:26","guid":{"rendered":"http:\/\/www.noticiasdelparana.com.ar\/NuevaEdicion\/?p=382995"},"modified":"2026-09-05T11:15:31","modified_gmt":"2026-09-05T14:15:31","slug":"puerto-vilelas-rescataron-un-oso-melero-tras-los-incendios-de-pastizales","status":"publish","type":"post","link":"http:\/\/www.noticiasdelparana.com.ar\/NuevaEdicion\/2026\/09\/05\/puerto-vilelas-rescataron-un-oso-melero-tras-los-incendios-de-pastizales\/","title":{"rendered":"PUERTO VILELAS:  Rescataron Un Oso Melero Tras Los Incendios De Pastizales"},"content":{"rendered":"\n<p>Seg\u00fan informaron desde la Guardia Urbana Municipal (GUM), el operativo se realiz\u00f3 alrededor de las 22:35 y cont\u00f3 con la colaboraci\u00f3n de los Bomberos Voluntarios de Puerto Vilelas. Gracias al trabajo conjunto, el animal pudo ser capturado de manera segura y sin sufrir lesiones.<\/p>\n\n\n\n<p>Tras el rescate, el oso melero fue trasladado a la Comisar\u00eda local, donde qued\u00f3 a disposici\u00f3n de la Divisi\u00f3n Polic\u00eda Rural, encargada de su posterior liberaci\u00f3n en un ambiente natural adecuado para su especie.<\/p>\n\n\n\n<p>Los incendios habr\u00edan provocado su desplazamiento<\/p>\n\n\n\n<p>Desde el municipio se\u00f1alaron que la aparici\u00f3n del ejemplar en una zona urbana estar\u00eda relacionada con los incendios de vegetaci\u00f3n registrados durante la jornada en sectores de totorales y pastizales ubicados entre las avenidas Soberan\u00eda Nacional y Mosconi, cercanos al barrio Palmarcito.<\/p>\n\n\n\n<p>El avance del fuego habr\u00eda destruido parte de su h\u00e1bitat natural, oblig\u00e1ndolo a desplazarse en busca de refugio y alimento, hasta llegar a una vivienda particular.<\/p>\n\n\n\n<p>Llamado a prevenir las quemas<\/p>\n\n\n\n<p>Las autoridades recordaron que la quema de pastizales no solo representa un riesgo para los vecinos y sus propiedades, sino que tambi\u00e9n genera graves consecuencias ambientales, afectando ecosistemas y provocando el desplazamiento de especies silvestres.<\/p>\n\n\n\n<p>Asimismo, recomendaron que ante la presencia de animales silvestres fuera de su entorno natural, los vecinos eviten manipularlos o acorralarlos y den aviso inmediato a los organismos correspondientes para garantizar un rescate seguro.<\/p>\n\n\n\n<p>Desde la Guardia Urbana Municipal destacaron la importancia de la colaboraci\u00f3n ciudadana para proteger la fauna aut\u00f3ctona y prevenir situaciones que puedan poner en riesgo tanto a las personas como a los animales.<\/p>\n","protected":false},"excerpt":{"rendered":"<p> 05-Sep-26  Un ejemplar de oso melero fue rescatado durante la noche del jueves en el barrio Palmarcito de Puerto Vilelas, luego de que una vecina alertara sobre la presencia del animal dentro de su vivienda.<\/p>\n","protected":false},"author":3,"featured_media":382996,"comment_status":"closed","ping_status":"closed","sticky":false,"template":"","format":"standard","meta":[],"categories":[101],"tags":[],"_links":{"self":[{"href":"http:\/\/www.noticiasdelparana.com.ar\/NuevaEdicion\/wp-json\/wp\/v2\/posts\/382995"}],"collection":[{"href":"http:\/\/www.noticiasdelparana.com.ar\/NuevaEdicion\/wp-json\/wp\/v2\/posts"}],"about":[{"href":"http:\/\/www.noticiasdelparana.com.ar\/NuevaEdicion\/wp-json\/wp\/v2\/types\/post"}],"author":[{"embeddable":true,"href":"http:\/\/www.noticiasdelparana.com.ar\/NuevaEdicion\/wp-json\/wp\/v2\/users\/3"}],"replies":[{"embeddable":true,"href":"http:\/\/www.noticiasdelparana.com.ar\/NuevaEdicion\/wp-json\/wp\/v2\/comments?post=382995"}],"version-history":[{"count":1,"href":"http:\/\/www.noticiasdelparana.com.ar\/NuevaEdicion\/wp-json\/wp\/v2\/posts\/382995\/revisions"}],"predecessor-version":[{"id":382997,"href":"http:\/\/www.noticiasdelparana.com.ar\/NuevaEdicion\/wp-json\/wp\/v2\/posts\/382995\/revisions\/382997"}],"wp:featuredmedia":[{"embeddable":true,"href":"http:\/\/www.noticiasdelparana.com.ar\/NuevaEdicion\/wp-json\/wp\/v2\/media\/382996"}],"wp:attachment":[{"href":"http:\/\/www.noticiasdelparana.com.ar\/NuevaEdicion\/wp-json\/wp\/v2\/media?parent=382995"}],"wp:term":[{"taxonomy":"category","embeddable":true,"href":"http:\/\/www.noticiasdelparana.com.ar\/NuevaEdicion\/wp-json\/wp\/v2\/categories?post=382995"},{"taxonomy":"post_tag","embeddable":true,"href":"http:\/\/www.noticiasdelparana.com.ar\/NuevaEdicion\/wp-json\/wp\/v2\/tags?post=382995"}],"curies":[{"name":"wp","href":"https:\/\/api.w.org\/{rel}","templated":true}]}}