{"id":383001,"date":"2026-09-05T14:09:30","date_gmt":"2026-09-05T17:09:30","guid":{"rendered":"http:\/\/www.noticiasdelparana.com.ar\/NuevaEdicion\/?p=383001"},"modified":"2026-09-05T14:09:32","modified_gmt":"2026-09-05T17:09:32","slug":"chaco-iniciaron-las-obras-para-llevar-agua-al-lote-7-de-colonias-unidas","status":"publish","type":"post","link":"http:\/\/www.noticiasdelparana.com.ar\/NuevaEdicion\/2026\/09\/05\/chaco-iniciaron-las-obras-para-llevar-agua-al-lote-7-de-colonias-unidas\/","title":{"rendered":"CHACO: Iniciaron Las Obras Para Llevar Agua Al Lote 7 De Colonias Unidas"},"content":{"rendered":"\n<p>El mandatario provincial puso en marcha la obra de extensi\u00f3n de la red de agua potable en el Paraje Lote 7 de Colonias Unidas, una intervenci\u00f3n largamente esperada por la comunidad que permitir\u00e1 mejorar de manera sustancial el abastecimiento para la Escuela de la Familia Agr\u00edcola (EFA) EUGP N\u00b0148 \u201cArraigo Campesino\u201d y para las familias e instituciones de la zona.<\/p>\n\n\n\n<p>Durante la recorrida, Zdero destac\u00f3 la importancia de llevar un servicio esencial a una comunidad que durante a\u00f1os plante\u00f3 la necesidad de contar con agua potable. \u201cEstamos trayendo algo tan fundamental como lo es el agua potable. Es un reclamo de la comunidad y hoy estamos viendo que la obra ya est\u00e1 comenzando\u201d, se\u00f1al\u00f3.<\/p>\n\n\n\n<p>Zdero remarc\u00f3 que el acceso al agua tendr\u00e1 un impacto directo en la comunidad educativa, ya que la instituci\u00f3n alberga a estudiantes de distintas localidades de la zona que permanecen all\u00ed durante toda la semana. \u201cLos chicos viven en la escuela y no tener agua era una dificultad, un problema. Por eso, el Gobierno provincial asumi\u00f3 el compromiso y hoy estamos haciendo la obra\u201d, sostuvo.<\/p>\n\n\n\n<p>El Gobernador adelant\u00f3 que los trabajos estar\u00e1n concluidos en aproximadamente un mes o un mes y medio, y remarc\u00f3 que la intervenci\u00f3n representa mucho m\u00e1s que el cumplimiento de una promesa. \u201cEsto no es solamente una promesa cumplida, sino tambi\u00e9n dignificar a las personas con algo tan importante como el agua. Tiene que ver con brindar algo esencial para este proyecto de formaci\u00f3n que tienen los chicos ac\u00e1\u201d, afirm\u00f3.<\/p>\n\n\n\n<p>UN SERVICIO ESENCIAL PARA LA SALUD Y LA CALIDAD DE VIDA<\/p>\n\n\n\n<p>Por su parte, el presidente de Sameep , Nicol\u00e1s Diez, explic\u00f3 que la obra responde a un compromiso asumido con la comunidad educativa y los vecinos del lugar. \u201cVenimos recorriendo la provincia y hoy, con la presencia del gobernador, estamos cumpliendo con la palabra empe\u00f1ada: traer agua potable a la Escuela de la Familia Agr\u00edcola, que no ten\u00eda este servicio\u201d, expres\u00f3.<\/p>\n\n\n\n<p>Diez destac\u00f3 que la obra ser\u00e1 de gran importancia no solo para la instituci\u00f3n educativa, sino tambi\u00e9n para toda la comunidad aleda\u00f1a. \u201cComenzamos una obra que va a ser particularmente importante para la escuela y para toda la comunidad que est\u00e1 alrededor\u201d, indic\u00f3.<\/p>\n\n\n\n<p>Asimismo, remarc\u00f3 que garantizar el acceso al agua potable es tambi\u00e9n una pol\u00edtica de prevenci\u00f3n y cuidado de la salud. \u201cAdem\u00e1s de ser un bien esencial, garantizamos con esto la salud de la poblaci\u00f3n. Cuando uno hace las obras que corresponden en materia de agua potable, evita mayores costos en el sistema de salud\u201d, explic\u00f3.<\/p>\n\n\n\n<p>En ese sentido, se\u00f1al\u00f3 que estas acciones forman parte de una pol\u00edtica provincial orientada a ampliar y mejorar el acceso al agua potable en todo el territorio chaque\u00f1o.<\/p>\n\n\n\n<p>EFA 148: \u201cUNA OBRA ESPERADA DURANTE 17 A\u00d1OS\u201d<\/p>\n\n\n\n<p>El director de la EFA EUGP N\u00b0148 \u201cArraigo Campesino\u201d, Lucas Ram\u00edrez, expres\u00f3 la emoci\u00f3n de toda la comunidad educativa por el inicio de los trabajos. \u201cEs un d\u00eda muy especial para nosotros, muy esperado por toda la comunidad educativa y por toda la comunidad del Lote 7. Es un d\u00eda lleno de alegr\u00eda y emoci\u00f3n\u201d, manifest\u00f3.<\/p>\n\n\n\n<p>Ram\u00edrez record\u00f3 que la instituci\u00f3n esperaba contar con agua potable desde su creaci\u00f3n, hace 17 a\u00f1os. \u201cNuestra escuela tiene 17 a\u00f1os y desde entonces estamos esperando este recurso fundamental para crecer y desarrollarnos\u201d, afirm\u00f3.<\/p>\n\n\n\n<p>La EFA cuenta actualmente con una matr\u00edcula de 140 estudiantes, quienes permanecen en la instituci\u00f3n de lunes a viernes. \u201cLos principales beneficiarios van a ser nuestros 140 alumnos, pero tambi\u00e9n toda la comunidad del Lote 7\u201d, destac\u00f3.<\/p>\n\n\n\n<p>Finalmente, explic\u00f3 que el agua tambi\u00e9n ser\u00e1 fundamental para las familias y peque\u00f1os y medianos productores de la zona, que desarrollan actividades productivas vinculadas a las huertas y chacras. \u201cSin duda necesitan este recurso para producir sus alimentos y generar ingresos para sus hogares\u201d, concluy\u00f3.<\/p>\n\n\n\n<p>Con el inicio de esta obra, el Gobierno provincial avanza en la ampliaci\u00f3n de la infraestructura b\u00e1sica y en la respuesta a una demanda hist\u00f3rica de la comunidad de Colonias Unidas, garantizando un servicio esencial para la educaci\u00f3n, la producci\u00f3n y la calidad de vida de sus habitantes.<\/p>\n","protected":false},"excerpt":{"rendered":"<p> 05-Sep-26  La obra permitir\u00e1 garantizar el acceso a un recurso esencial para una comunidad educativa que alberga a 140 estudiantes de lunes a viernes y para las familias y productores de la zona.<\/p>\n","protected":false},"author":3,"featured_media":383002,"comment_status":"closed","ping_status":"closed","sticky":false,"template":"","format":"standard","meta":[],"categories":[98],"tags":[],"_links":{"self":[{"href":"http:\/\/www.noticiasdelparana.com.ar\/NuevaEdicion\/wp-json\/wp\/v2\/posts\/383001"}],"collection":[{"href":"http:\/\/www.noticiasdelparana.com.ar\/NuevaEdicion\/wp-json\/wp\/v2\/posts"}],"about":[{"href":"http:\/\/www.noticiasdelparana.com.ar\/NuevaEdicion\/wp-json\/wp\/v2\/types\/post"}],"author":[{"embeddable":true,"href":"http:\/\/www.noticiasdelparana.com.ar\/NuevaEdicion\/wp-json\/wp\/v2\/users\/3"}],"replies":[{"embeddable":true,"href":"http:\/\/www.noticiasdelparana.com.ar\/NuevaEdicion\/wp-json\/wp\/v2\/comments?post=383001"}],"version-history":[{"count":1,"href":"http:\/\/www.noticiasdelparana.com.ar\/NuevaEdicion\/wp-json\/wp\/v2\/posts\/383001\/revisions"}],"predecessor-version":[{"id":383003,"href":"http:\/\/www.noticiasdelparana.com.ar\/NuevaEdicion\/wp-json\/wp\/v2\/posts\/383001\/revisions\/383003"}],"wp:featuredmedia":[{"embeddable":true,"href":"http:\/\/www.noticiasdelparana.com.ar\/NuevaEdicion\/wp-json\/wp\/v2\/media\/383002"}],"wp:attachment":[{"href":"http:\/\/www.noticiasdelparana.com.ar\/NuevaEdicion\/wp-json\/wp\/v2\/media?parent=383001"}],"wp:term":[{"taxonomy":"category","embeddable":true,"href":"http:\/\/www.noticiasdelparana.com.ar\/NuevaEdicion\/wp-json\/wp\/v2\/categories?post=383001"},{"taxonomy":"post_tag","embeddable":true,"href":"http:\/\/www.noticiasdelparana.com.ar\/NuevaEdicion\/wp-json\/wp\/v2\/tags?post=383001"}],"curies":[{"name":"wp","href":"https:\/\/api.w.org\/{rel}","templated":true}]}}