{"id":383004,"date":"2026-09-05T14:20:47","date_gmt":"2026-09-05T17:20:47","guid":{"rendered":"http:\/\/www.noticiasdelparana.com.ar\/NuevaEdicion\/?p=383004"},"modified":"2026-09-05T14:20:49","modified_gmt":"2026-09-05T17:20:49","slug":"chaco-la-provincia-amplia-la-vacunacion-contra-el-dengue-qdenga-ya-esta-disponible-desde-los-4-anos","status":"publish","type":"post","link":"http:\/\/www.noticiasdelparana.com.ar\/NuevaEdicion\/2026\/09\/05\/chaco-la-provincia-amplia-la-vacunacion-contra-el-dengue-qdenga-ya-esta-disponible-desde-los-4-anos\/","title":{"rendered":"CHACO: La Provincia Ampl\u00eda La Vacunaci\u00f3n Contra El Dengue: Qdenga Ya Est\u00e1 Disponible Desde Los 4 A\u00f1os"},"content":{"rendered":"\n<p>El Gobierno del Chaco, a trav\u00e9s del Ministerio de Salud, ampl\u00eda la estrategia provincial de vacunaci\u00f3n contra el Dengue y habilita la aplicaci\u00f3n de la vacuna Qdenga a partir de los 4 a\u00f1os de edad, extendiendo su alcance a toda la provincia.<\/p>\n\n\n\n<p>La medida representa un nuevo avance en la pol\u00edtica sanitaria de prevenci\u00f3n y responde a una planificaci\u00f3n epidemiol\u00f3gica que incorpora progresivamente a nuevos grupos de la poblaci\u00f3n, de acuerdo con la disponibilidad de dosis y las necesidades sanitarias del territorio.<\/p>\n\n\n\n<p>La campa\u00f1a comenz\u00f3 inicialmente con una poblaci\u00f3n objetivo de j\u00f3venes de 15 a 19 a\u00f1os, contemplando adem\u00e1s a adultos mayores, personas con discapacidad y personas con morbimortalidad. En esta nueva etapa, la estrategia se ampl\u00eda para incrementar la cobertura de inmunizaci\u00f3n y fortalecer la protecci\u00f3n de la poblaci\u00f3n chaque\u00f1a.<\/p>\n\n\n\n<p>La vacuna es gratuita y voluntaria y se aplica mediante un esquema de dos dosis, con un intervalo de tres meses. Se encuentra disponible en centros de salud, hospitales y vacunatorios habilitados de toda la provincia.<\/p>\n\n\n\n<p>Desde el Ministerio de Salud destacan que la vacunaci\u00f3n constituye una herramienta central para reducir el riesgo de formas graves del Dengue, pero no reemplaza las medidas de prevenci\u00f3n que deben sostenerse durante todo el a\u00f1o.<\/p>\n\n\n\n<p>Por eso, se insiste en la importancia de eliminar recipientes donde pueda acumularse agua, mantener limpios los bebederos de mascotas, desmalezar patios y jardines y utilizar repelente para evitar las picaduras del mosquito transmisor.<\/p>\n\n\n\n<p>Con esta ampliaci\u00f3n, el Gobierno del Chaco profundiza una estrategia de prevenci\u00f3n que busca anticiparse al dengue, aumentar la cobertura de vacunaci\u00f3n y proteger a m\u00e1s chaque\u00f1os.<\/p>\n","protected":false},"excerpt":{"rendered":"<p>05-Sept-26 El Gobierno provincial extiende la poblaci\u00f3n objetivo de la estrategia de inmunizaci\u00f3n y lleva la vacuna a todo el territorio chaque\u00f1o. Es gratuita, voluntaria y requiere dos dosis.<\/p>\n","protected":false},"author":4,"featured_media":383014,"comment_status":"closed","ping_status":"closed","sticky":false,"template":"","format":"standard","meta":[],"categories":[98],"tags":[],"_links":{"self":[{"href":"http:\/\/www.noticiasdelparana.com.ar\/NuevaEdicion\/wp-json\/wp\/v2\/posts\/383004"}],"collection":[{"href":"http:\/\/www.noticiasdelparana.com.ar\/NuevaEdicion\/wp-json\/wp\/v2\/posts"}],"about":[{"href":"http:\/\/www.noticiasdelparana.com.ar\/NuevaEdicion\/wp-json\/wp\/v2\/types\/post"}],"author":[{"embeddable":true,"href":"http:\/\/www.noticiasdelparana.com.ar\/NuevaEdicion\/wp-json\/wp\/v2\/users\/4"}],"replies":[{"embeddable":true,"href":"http:\/\/www.noticiasdelparana.com.ar\/NuevaEdicion\/wp-json\/wp\/v2\/comments?post=383004"}],"version-history":[{"count":1,"href":"http:\/\/www.noticiasdelparana.com.ar\/NuevaEdicion\/wp-json\/wp\/v2\/posts\/383004\/revisions"}],"predecessor-version":[{"id":383016,"href":"http:\/\/www.noticiasdelparana.com.ar\/NuevaEdicion\/wp-json\/wp\/v2\/posts\/383004\/revisions\/383016"}],"wp:featuredmedia":[{"embeddable":true,"href":"http:\/\/www.noticiasdelparana.com.ar\/NuevaEdicion\/wp-json\/wp\/v2\/media\/383014"}],"wp:attachment":[{"href":"http:\/\/www.noticiasdelparana.com.ar\/NuevaEdicion\/wp-json\/wp\/v2\/media?parent=383004"}],"wp:term":[{"taxonomy":"category","embeddable":true,"href":"http:\/\/www.noticiasdelparana.com.ar\/NuevaEdicion\/wp-json\/wp\/v2\/categories?post=383004"},{"taxonomy":"post_tag","embeddable":true,"href":"http:\/\/www.noticiasdelparana.com.ar\/NuevaEdicion\/wp-json\/wp\/v2\/tags?post=383004"}],"curies":[{"name":"wp","href":"https:\/\/api.w.org\/{rel}","templated":true}]}}