{"id":383007,"date":"2026-09-05T14:18:05","date_gmt":"2026-09-05T17:18:05","guid":{"rendered":"http:\/\/www.noticiasdelparana.com.ar\/NuevaEdicion\/?p=383007"},"modified":"2026-09-05T14:18:10","modified_gmt":"2026-09-05T17:18:10","slug":"resistencia-el-municipio-con-un-operativo-de-muna-acompano-los-festejos-por-el-aniversario-del-jardin-tamborcito-tacuari","status":"publish","type":"post","link":"http:\/\/www.noticiasdelparana.com.ar\/NuevaEdicion\/2026\/09\/05\/resistencia-el-municipio-con-un-operativo-de-muna-acompano-los-festejos-por-el-aniversario-del-jardin-tamborcito-tacuari\/","title":{"rendered":"RESISTENCIA: El Municipio, Con Un Operativo De Muna, Acompa\u00f1\u00f3 Los Festejos Por El Aniversario Del Jard\u00edn \u201cTamborcito Tacuar\u00ed\u201d"},"content":{"rendered":"\n<p>Ver\u00f3nica Micheloud, directora de la Instituci\u00f3n, coment\u00f3 que en el jard\u00edn central tienen ocho salas de tres a cinco a\u00f1os, y en el anexo tienen dos salas m\u00e1s, integradas, con una matr\u00edcula de 158 alumnos en total.<\/p>\n\n\n\n<p>\u201cNos parece perfecto que nos acompa\u00f1en hoy en esta Escuela y veo que lo hacen en todas, qu\u00e9 mejor que ellos puedan brindar estos servicios que a nosotros nos cuesta conseguir y nos allanan ese camino\u201d, asegur\u00f3.<\/p>\n\n\n\n<p>Por su parte, Gabriela Zottola, de la Direcci\u00f3n de Infancias, destac\u00f3: \u201cCon estos operativos la idea es poder acercarnos a los ni\u00f1os, ni\u00f1as y adolescentes para promocionar sus derechos, y tambi\u00e9n trabajar con los adultos responsables\u201d.<\/p>\n","protected":false},"excerpt":{"rendered":"<p>05-Sep-26  A trav\u00e9s de la intervenci\u00f3n de la Municipalidad de Resistencia, un nuevo operativo del programa Municipios Unidos por la Ni\u00f1ez y la Adolescencia (MUNA) de UNICEF se desarrollo en el Jard\u00edn \u201cTamborcito Tacuar\u00ed\u201d, que est\u00e1 celebrando su 63\u00ba aniversario y el cierre de los festejos del Mes de las Infancias.<\/p>\n","protected":false},"author":3,"featured_media":383011,"comment_status":"closed","ping_status":"closed","sticky":false,"template":"","format":"standard","meta":[],"categories":[102],"tags":[],"_links":{"self":[{"href":"http:\/\/www.noticiasdelparana.com.ar\/NuevaEdicion\/wp-json\/wp\/v2\/posts\/383007"}],"collection":[{"href":"http:\/\/www.noticiasdelparana.com.ar\/NuevaEdicion\/wp-json\/wp\/v2\/posts"}],"about":[{"href":"http:\/\/www.noticiasdelparana.com.ar\/NuevaEdicion\/wp-json\/wp\/v2\/types\/post"}],"author":[{"embeddable":true,"href":"http:\/\/www.noticiasdelparana.com.ar\/NuevaEdicion\/wp-json\/wp\/v2\/users\/3"}],"replies":[{"embeddable":true,"href":"http:\/\/www.noticiasdelparana.com.ar\/NuevaEdicion\/wp-json\/wp\/v2\/comments?post=383007"}],"version-history":[{"count":1,"href":"http:\/\/www.noticiasdelparana.com.ar\/NuevaEdicion\/wp-json\/wp\/v2\/posts\/383007\/revisions"}],"predecessor-version":[{"id":383012,"href":"http:\/\/www.noticiasdelparana.com.ar\/NuevaEdicion\/wp-json\/wp\/v2\/posts\/383007\/revisions\/383012"}],"wp:featuredmedia":[{"embeddable":true,"href":"http:\/\/www.noticiasdelparana.com.ar\/NuevaEdicion\/wp-json\/wp\/v2\/media\/383011"}],"wp:attachment":[{"href":"http:\/\/www.noticiasdelparana.com.ar\/NuevaEdicion\/wp-json\/wp\/v2\/media?parent=383007"}],"wp:term":[{"taxonomy":"category","embeddable":true,"href":"http:\/\/www.noticiasdelparana.com.ar\/NuevaEdicion\/wp-json\/wp\/v2\/categories?post=383007"},{"taxonomy":"post_tag","embeddable":true,"href":"http:\/\/www.noticiasdelparana.com.ar\/NuevaEdicion\/wp-json\/wp\/v2\/tags?post=383007"}],"curies":[{"name":"wp","href":"https:\/\/api.w.org\/{rel}","templated":true}]}}