{"id":383017,"date":"2026-09-05T14:21:36","date_gmt":"2026-09-05T17:21:36","guid":{"rendered":"http:\/\/www.noticiasdelparana.com.ar\/NuevaEdicion\/?p=383017"},"modified":"2026-09-05T14:21:39","modified_gmt":"2026-09-05T17:21:39","slug":"chaco-sameep-culmino-la-reparacion-del-historico-cano-principal-de-avenida-las-heras","status":"publish","type":"post","link":"http:\/\/www.noticiasdelparana.com.ar\/NuevaEdicion\/2026\/09\/05\/chaco-sameep-culmino-la-reparacion-del-historico-cano-principal-de-avenida-las-heras\/","title":{"rendered":"CHACO: Sameep Culmin\u00f3 La Reparaci\u00f3n Del Hist\u00f3rico Ca\u00f1o Principal De Avenida Las Heras"},"content":{"rendered":"\n<p>La empresa estatal Sameep culmin\u00f3 con \u00e9xito la reparaci\u00f3n de una hist\u00f3rica ca\u00f1er\u00eda principal de hierro fundido ubicada sobre avenida Las Heras, entre las alturas 300 y 400, en Resistencia. El conducto cumple un rol estrat\u00e9gico en la derivaci\u00f3n de agua hacia la Cisterna Central, desde donde se abastece a un importante sector de la ciudad.<\/p>\n\n\n\n<p>La intervenci\u00f3n demand\u00f3 un importante despliegue t\u00e9cnico y operativo debido a la antig\u00fcedad y profundidad de la ca\u00f1er\u00eda, ubicada aproximadamente a 2,20 metros bajo tierra, adem\u00e1s de la presencia de otros servicios en el sector.<\/p>\n\n\n\n<p>Para concretar los trabajos fue necesario dise\u00f1ar y fabricar especialmente una pieza adaptada a las caracter\u00edsticas particulares del conducto, permitiendo realizar la reparaci\u00f3n y recuperar el funcionamiento de esta infraestructura fundamental para el sistema de distribuci\u00f3n de agua potable.<\/p>\n\n\n\n<p>Concluida la reparaci\u00f3n, los equipos avanzan con las tareas de rellenado y perfilado del sector intervenido, para dejar la arteria en condiciones y posteriormente habilitar la circulaci\u00f3n vehicular con normalidad.<\/p>\n\n\n\n<p>Los trabajos fueron coordinados con el Municipio de Resistencia, lo que permiti\u00f3 organizar el tr\u00e1nsito y reducir las complicaciones para los vecinos durante el desarrollo de la intervenci\u00f3n.<\/p>\n\n\n\n<p>El presidente de Sameep, Nicol\u00e1s Diez, destac\u00f3 la importancia de la obra y se\u00f1al\u00f3: \u201cSe trat\u00f3 de una intervenci\u00f3n compleja sobre una ca\u00f1er\u00eda que forma parte de la infraestructura hist\u00f3rica de nuestra ciudad. Con la fabricaci\u00f3n de una pieza especial pudimos concretar la reparaci\u00f3n y recuperar el funcionamiento de este conducto principal\u201d.<\/p>\n\n\n\n<p>Por su parte, el gerente de Servicios, Maximiliano San Mart\u00edn, valor\u00f3 el trabajo realizado por los equipos t\u00e9cnicos y operativos de la empresa y remarc\u00f3 que las condiciones particulares del lugar requirieron una planificaci\u00f3n especial para ejecutar la reparaci\u00f3n de manera segura y eficiente.<\/p>\n\n\n\n<p>Desde Sameep destacaron que este tipo de intervenciones forman parte de las acciones destinadas a sostener, recuperar y fortalecer la infraestructura existente, garantizando el funcionamiento de los principales componentes del sistema de abastecimiento de agua potable de Resistencia.<\/p>\n","protected":false},"excerpt":{"rendered":"<p>05-Sept-26 La intervenci\u00f3n se realiz\u00f3 sobre avenida Las Heras, con una compleja reparaci\u00f3n a m\u00e1s de dos metros de profundidad y la fabricaci\u00f3n de una pieza especial.<\/p>\n","protected":false},"author":4,"featured_media":383015,"comment_status":"closed","ping_status":"closed","sticky":false,"template":"","format":"standard","meta":[],"categories":[98],"tags":[],"_links":{"self":[{"href":"http:\/\/www.noticiasdelparana.com.ar\/NuevaEdicion\/wp-json\/wp\/v2\/posts\/383017"}],"collection":[{"href":"http:\/\/www.noticiasdelparana.com.ar\/NuevaEdicion\/wp-json\/wp\/v2\/posts"}],"about":[{"href":"http:\/\/www.noticiasdelparana.com.ar\/NuevaEdicion\/wp-json\/wp\/v2\/types\/post"}],"author":[{"embeddable":true,"href":"http:\/\/www.noticiasdelparana.com.ar\/NuevaEdicion\/wp-json\/wp\/v2\/users\/4"}],"replies":[{"embeddable":true,"href":"http:\/\/www.noticiasdelparana.com.ar\/NuevaEdicion\/wp-json\/wp\/v2\/comments?post=383017"}],"version-history":[{"count":1,"href":"http:\/\/www.noticiasdelparana.com.ar\/NuevaEdicion\/wp-json\/wp\/v2\/posts\/383017\/revisions"}],"predecessor-version":[{"id":383018,"href":"http:\/\/www.noticiasdelparana.com.ar\/NuevaEdicion\/wp-json\/wp\/v2\/posts\/383017\/revisions\/383018"}],"wp:featuredmedia":[{"embeddable":true,"href":"http:\/\/www.noticiasdelparana.com.ar\/NuevaEdicion\/wp-json\/wp\/v2\/media\/383015"}],"wp:attachment":[{"href":"http:\/\/www.noticiasdelparana.com.ar\/NuevaEdicion\/wp-json\/wp\/v2\/media?parent=383017"}],"wp:term":[{"taxonomy":"category","embeddable":true,"href":"http:\/\/www.noticiasdelparana.com.ar\/NuevaEdicion\/wp-json\/wp\/v2\/categories?post=383017"},{"taxonomy":"post_tag","embeddable":true,"href":"http:\/\/www.noticiasdelparana.com.ar\/NuevaEdicion\/wp-json\/wp\/v2\/tags?post=383017"}],"curies":[{"name":"wp","href":"https:\/\/api.w.org\/{rel}","templated":true}]}}