{"id":383019,"date":"2026-09-05T14:22:36","date_gmt":"2026-09-05T17:22:36","guid":{"rendered":"http:\/\/www.noticiasdelparana.com.ar\/NuevaEdicion\/?p=383019"},"modified":"2026-09-05T14:22:39","modified_gmt":"2026-09-05T17:22:39","slug":"laguna-limpia-la-localidad-celebro-sus-82-anos-con-obras-nuevos-anuncios-y-el-compromiso-de-seguir-transformando-la-localidad","status":"publish","type":"post","link":"http:\/\/www.noticiasdelparana.com.ar\/NuevaEdicion\/2026\/09\/05\/laguna-limpia-la-localidad-celebro-sus-82-anos-con-obras-nuevos-anuncios-y-el-compromiso-de-seguir-transformando-la-localidad\/","title":{"rendered":"LAGUNA LIMPIA: La Localidad Celebr\u00f3 Sus 82 A\u00f1os Con Obras, Nuevos Anuncios Y El Compromiso De Seguir Transformando La Localidad"},"content":{"rendered":"\n<p>La comunidad de Laguna Limpia celebr\u00f3 sus 82 a\u00f1os de vida con un acto encabezado por el gobernador Leandro Zdero, quien ratific\u00f3 el compromiso del Gobierno provincial de continuar generando obras y oportunidades para el desarrollo de la localidad.<\/p>\n\n\n\n<p>Durante la jornada se destacaron los avances en pavimento urbano, viviendas, infraestructura social, electrificaci\u00f3n rural y asistencia a productores, adem\u00e1s del avance de la Ruta Provincial 30, una obra largamente esperada por la comunidad que permitir\u00e1 mejorar la conectividad y el desarrollo productivo de la zona. \u201cFeliz aniversario al pueblo de Laguna Limpia. Este rinconcito del Chaco sigue creciendo y puede tener las mismas oportunidades que cualquier ciudadano de los centros m\u00e1s grandes y poblados\u201d, expres\u00f3 Zdero, quien remarc\u00f3 que desde el inicio de su gesti\u00f3n asumi\u00f3 el compromiso de trabajar para todos los chaque\u00f1os. El gobernador repas\u00f3 parte de las obras realizadas en la localidad, entre ellas las cuadras de pavimento, la puesta en funcionamiento del Centro de D\u00eda para adolescentes y j\u00f3venes, la incorporaci\u00f3n de viviendas para familias de Laguna Limpia y la infraestructura del centro recreativo con piscina.<\/p>\n\n\n\n<p>Tambi\u00e9n remarc\u00f3 el acompa\u00f1amiento a productores y el inicio de la electrificaci\u00f3n rural, que permite que familias que durante d\u00e9cadas no contaron con el servicio puedan acceder finalmente a la energ\u00eda el\u00e9ctrica. \u201cComenzamos a cumplir sue\u00f1os de familias que esperaron mucho tiempo tener luz. Gente que produce y trabaja y que muchas veces, por no tener ese servicio, ve afectada toda su actividad productiva\u201d, sostuvo.<\/p>\n\n\n\n<p>RUTA 30: CONECTIVIDAD PARA EL DESARROLLO<\/p>\n\n\n\n<p>Uno de los puntos centrales del discurso fue la ejecuci\u00f3n de la Ruta Provincial 30, una obra que permitir\u00e1 mejorar el acceso a Laguna Limpia y facilitar la circulaci\u00f3n de vecinos y productores.<\/p>\n\n\n\n<p>\u201cCon recursos propios estamos haciendo la ruta y, si Dios quiere, para diciembre vamos a estar llegando a Laguna Limpia para que puedan disfrutar de la accesibilidad y la conectividad\u201d, afirm\u00f3 el gobernador.<\/p>\n\n\n\n<p>Zdero destac\u00f3 que contar con caminos transitables durante todo el a\u00f1o constituye una herramienta fundamental para el crecimiento de las comunidades, especialmente para quienes producen y trabajan en las zonas rurales.<\/p>\n\n\n\n<p>EDUCACI\u00d3N, SALUD Y UN NUEVO RUMBO PARA EL CHACO<\/p>\n\n\n\n<p>Durante su mensaje, el gobernador tambi\u00e9n puso el foco en las pol\u00edticas de educaci\u00f3n y salud que impulsa la Provincia y sostuvo que los resultados comienzan a mostrar un cambio de rumbo.<\/p>\n\n\n\n<p>En materia educativa, destac\u00f3 los avances alcanzados mediante programas como Aprendo Leyendo, orientados a mejorar la comprensi\u00f3n lectora desde los primeros a\u00f1os de la trayectoria escolar. \u201cTenemos que seguir por m\u00e1s. Si seguimos por este rumbo, podemos realmente cambiar la realidad del Chaco y de nuestros chicos\u201d, afirm\u00f3.<\/p>\n\n\n\n<p>Tambi\u00e9n se\u00f1al\u00f3 que la Provincia logr\u00f3 revertir indicadores vinculados a la mortalidad materno-infantil, al tiempo que remarc\u00f3 que el objetivo es sostener y profundizar las pol\u00edticas p\u00fablicas que permitan mejorar la calidad de vida de los chaque\u00f1os.<\/p>\n\n\n\n<p>\u201dNADIE NOS VA A REGALAR NADA: TENEMOS QUE CAMBIAR NUESTRA PROPIA REALIDAD\u201d<\/p>\n\n\n\n<p>Zdero convoc\u00f3 a la comunidad a recuperar la confianza en las capacidades productivas de la provincia y reivindic\u00f3 el esfuerzo de quienes trabajan, producen y emprenden. \u201cDurante mucho tiempo nos hicieron creer y nos estigmatizaron diciendo que \u00e9ramos los marginales, los pobrecitos del norte. A eso no me voy a resignar y s\u00e9 que los chaque\u00f1os tampoco\u201d, expres\u00f3. En esa l\u00ednea, destac\u00f3 el crecimiento de las exportaciones chaque\u00f1as y las pol\u00edticas destinadas a agregar valor a la producci\u00f3n local, mencionando el desarrollo de las cadenas ganadera, agroindustrial, ap\u00edcola y de otros productos chaque\u00f1os. \u201cCuando hay gente que quiere trabajar y apostar, tenemos que estar para acompa\u00f1arla y cambiar la matriz productiva\u201d, sostuvo.<\/p>\n\n\n\n<p>El gobernador remarc\u00f3 que el desaf\u00edo es construir una provincia capaz de generar sus propios recursos y oportunidades: \u201cNada viene de arriba, viene del esfuerzo\u201d.<\/p>\n\n\n\n<p>Finalmente, convoc\u00f3 especialmente a los j\u00f3venes a \u201cso\u00f1ar en grande\u201d y a asumir el desaf\u00edo de construir el futuro de sus comunidades. \u201cQuiero que el Chaco salga adelante, que los chaque\u00f1os salgamos adelante y que Laguna Limpia siga creciendo. Feliz cumplea\u00f1os y, fundamentalmente, apoyemos a esta generaci\u00f3n de j\u00f3venes, a los que quieren y se animan. Los sue\u00f1os se construyen desde Laguna Limpia para toda la provincia\u201d, concluy\u00f3.<\/p>\n\n\n\n<p>RIQUELME: \u201cHOY TENEMOS UN GOBERNADOR QUE NOS ACOMPA\u00d1A Y TIENE SENSIBILIDAD\u201d<\/p>\n\n\n\n<p>Por su parte, el intendente de Laguna Limpia, Juan de la Cruz Riquelme, agradeci\u00f3 la presencia del gobernador y destac\u00f3 las obras y anuncios realizados durante la celebraci\u00f3n del aniversario. \u201cEstamos muy agradecidos por todo lo que est\u00e1 haciendo para cambiar nuestra realidad. Sabemos que no hay mucho margen, pero tenemos que reconocer el esfuerzo tremendo que est\u00e1 haciendo para sacar al Chaco adelante\u201d, manifest\u00f3.<\/p>\n\n\n\n<p>El jefe comunal valor\u00f3 especialmente la electrificaci\u00f3n rural y se\u00f1al\u00f3 que existen familias que esperaron durante d\u00e9cadas para acceder al servicio el\u00e9ctrico, pese a encontrarse a pocos kil\u00f3metros del casco urbano. \u201cSoy nacido y criado en esta localidad y me toca conducir los destinos de este pueblo. Para m\u00ed es muy importante tener un gobernador que nos acompa\u00f1a y tiene sensibilidad con nuestra gente\u201d, afirm\u00f3.<\/p>\n\n\n\n<p>Riquelme tambi\u00e9n destac\u00f3 el avance de las viviendas y de la Ruta Provincial 30, al considerar que ambas obras representan respuestas concretas para las familias y el desarrollo de Laguna Limpia. \u201cEstas viviendas quedan para la gente, para los beneficiarios. Y la ruta va a cambiar nuestra realidad\u201d, sostuvo.<\/p>\n\n\n\n<p>El intendente cerr\u00f3 su mensaje agradeciendo a los vecinos, muchos de ellos reconocidos durante el acto, por acompa\u00f1ar la celebraci\u00f3n y ratific\u00f3 su compromiso de continuar trabajando por el crecimiento de Laguna Limpia.<\/p>\n\n\n\n<p>Durante el acto, se firm\u00f3 la&nbsp; concesi\u00f3n para la prestaci\u00f3n de servicios p\u00fablicos de desag\u00fces cloacales y se entregaron elementos, por parte de la Fundaci\u00f3n Chaco.<\/p>\n\n\n\n<p>Acompa\u00f1aron este aniversario 82 de Laguna Limpia, autoridades provinciales, municipales, legisladores, intendentes, instituciones y vecinos.<\/p>\n","protected":false},"excerpt":{"rendered":"<p>05-Sept-26 El gobernador Leandro Zdero acompa\u00f1\u00f3 anoche al intendente Juan De la Cruz Riquelme y a la comunidad en el acto aniversario. Destac\u00f3 las obras concretadas, como la electrificaci\u00f3n rural, las viviendas, el pavimento, la infraestructura social y el avance de la Ruta Provincial 30.<\/p>\n","protected":false},"author":4,"featured_media":383013,"comment_status":"closed","ping_status":"closed","sticky":false,"template":"","format":"standard","meta":[],"categories":[98],"tags":[],"_links":{"self":[{"href":"http:\/\/www.noticiasdelparana.com.ar\/NuevaEdicion\/wp-json\/wp\/v2\/posts\/383019"}],"collection":[{"href":"http:\/\/www.noticiasdelparana.com.ar\/NuevaEdicion\/wp-json\/wp\/v2\/posts"}],"about":[{"href":"http:\/\/www.noticiasdelparana.com.ar\/NuevaEdicion\/wp-json\/wp\/v2\/types\/post"}],"author":[{"embeddable":true,"href":"http:\/\/www.noticiasdelparana.com.ar\/NuevaEdicion\/wp-json\/wp\/v2\/users\/4"}],"replies":[{"embeddable":true,"href":"http:\/\/www.noticiasdelparana.com.ar\/NuevaEdicion\/wp-json\/wp\/v2\/comments?post=383019"}],"version-history":[{"count":1,"href":"http:\/\/www.noticiasdelparana.com.ar\/NuevaEdicion\/wp-json\/wp\/v2\/posts\/383019\/revisions"}],"predecessor-version":[{"id":383020,"href":"http:\/\/www.noticiasdelparana.com.ar\/NuevaEdicion\/wp-json\/wp\/v2\/posts\/383019\/revisions\/383020"}],"wp:featuredmedia":[{"embeddable":true,"href":"http:\/\/www.noticiasdelparana.com.ar\/NuevaEdicion\/wp-json\/wp\/v2\/media\/383013"}],"wp:attachment":[{"href":"http:\/\/www.noticiasdelparana.com.ar\/NuevaEdicion\/wp-json\/wp\/v2\/media?parent=383019"}],"wp:term":[{"taxonomy":"category","embeddable":true,"href":"http:\/\/www.noticiasdelparana.com.ar\/NuevaEdicion\/wp-json\/wp\/v2\/categories?post=383019"},{"taxonomy":"post_tag","embeddable":true,"href":"http:\/\/www.noticiasdelparana.com.ar\/NuevaEdicion\/wp-json\/wp\/v2\/tags?post=383019"}],"curies":[{"name":"wp","href":"https:\/\/api.w.org\/{rel}","templated":true}]}}