{"id":383021,"date":"2026-09-05T14:26:15","date_gmt":"2026-09-05T17:26:15","guid":{"rendered":"http:\/\/www.noticiasdelparana.com.ar\/NuevaEdicion\/?p=383021"},"modified":"2026-09-05T14:26:22","modified_gmt":"2026-09-05T17:26:22","slug":"chaco-andanzas-con-ebano-y-marfil-nueva-propuesta-del-ballet-ferrazzano-en-la-casa-de-las-culturas","status":"publish","type":"post","link":"http:\/\/www.noticiasdelparana.com.ar\/NuevaEdicion\/2026\/09\/05\/chaco-andanzas-con-ebano-y-marfil-nueva-propuesta-del-ballet-ferrazzano-en-la-casa-de-las-culturas\/","title":{"rendered":"CHACO: Andanzas Con Ebano Y Marfil, Nueva Propuesta Del Ballet Ferrazzano En La Casa De Las Culturas"},"content":{"rendered":"\n<p>El espect\u00e1culo a traviesa un&nbsp;&nbsp; recorrido por los caminos del tiempo, de la mano de los estilos musicales m\u00e1s representativos de la historia de la m\u00fasica: la ornamentada elegancia del barroco franc\u00e9s, la sobriedad del clasicismo y la pasi\u00f3n del romanticismo europeo y americano en las manos del pianista Eduardo Luis Rodriguez&nbsp; Hiroz<\/p>\n\n\n\n<p>Algunos de los compositores de la noche: Rameau, Schubert, Chopin, Brahms, Harold Arlen. Este viaje musical culminar\u00e1 en la Argentina, y algunos de sus exponentes ser\u00e1n Ariel Ram\u00edrez, Pocho Roch y el recordado y querido Astor Piazzolla.<\/p>\n\n\n\n<p>La propuesta coreogr\u00e1fica fue realizada por equipo de la compa\u00f1\u00eda Ferrazzano: Mar\u00eda, \u00c9rica, Flor Ferrazzano y Juli\u00e1n Naesssens&nbsp;&nbsp; transita por las t\u00e9cnica cl\u00e1sica, contempor\u00e1nea y folcl\u00f3rica<\/p>\n\n\n\n<p>Los invitamos a vivir una velada inolvidable, donde la m\u00fasica y el movimiento se entrelazan para rendir homenaje al arte en todas sus formas. &#8220;Sin lugar a dudas esta puesta en escena es una muestra m\u00e1s de la capacidad creativa y el talento del Ballet Ferrazzano que ampl\u00eda cada vez m\u00e1s sus horizontes art\u00edsticos, musicales y est\u00e9ticos para regocijo del p\u00fablico&#8221; indic\u00f3 el periodista cultural Alberto Solis Bonastre. No hay ning\u00fan pretexto para no asistir a este encuentro con las artes de primer nivel.<\/p>\n","protected":false},"excerpt":{"rendered":"<p>05-Sept-26 Una novedosa y -como siempre- osada propuesta art\u00edsticamente y est\u00e9ticamente presenta el prestigioso Ballet Ferrazzano para este domingo 6 de septiembre a las 20 horas en la Casa de las Culturas. Marcelo T de Alvear y Mitre de Resistencia.<\/p>\n","protected":false},"author":4,"featured_media":383022,"comment_status":"closed","ping_status":"closed","sticky":false,"template":"","format":"standard","meta":[],"categories":[105],"tags":[],"_links":{"self":[{"href":"http:\/\/www.noticiasdelparana.com.ar\/NuevaEdicion\/wp-json\/wp\/v2\/posts\/383021"}],"collection":[{"href":"http:\/\/www.noticiasdelparana.com.ar\/NuevaEdicion\/wp-json\/wp\/v2\/posts"}],"about":[{"href":"http:\/\/www.noticiasdelparana.com.ar\/NuevaEdicion\/wp-json\/wp\/v2\/types\/post"}],"author":[{"embeddable":true,"href":"http:\/\/www.noticiasdelparana.com.ar\/NuevaEdicion\/wp-json\/wp\/v2\/users\/4"}],"replies":[{"embeddable":true,"href":"http:\/\/www.noticiasdelparana.com.ar\/NuevaEdicion\/wp-json\/wp\/v2\/comments?post=383021"}],"version-history":[{"count":1,"href":"http:\/\/www.noticiasdelparana.com.ar\/NuevaEdicion\/wp-json\/wp\/v2\/posts\/383021\/revisions"}],"predecessor-version":[{"id":383023,"href":"http:\/\/www.noticiasdelparana.com.ar\/NuevaEdicion\/wp-json\/wp\/v2\/posts\/383021\/revisions\/383023"}],"wp:featuredmedia":[{"embeddable":true,"href":"http:\/\/www.noticiasdelparana.com.ar\/NuevaEdicion\/wp-json\/wp\/v2\/media\/383022"}],"wp:attachment":[{"href":"http:\/\/www.noticiasdelparana.com.ar\/NuevaEdicion\/wp-json\/wp\/v2\/media?parent=383021"}],"wp:term":[{"taxonomy":"category","embeddable":true,"href":"http:\/\/www.noticiasdelparana.com.ar\/NuevaEdicion\/wp-json\/wp\/v2\/categories?post=383021"},{"taxonomy":"post_tag","embeddable":true,"href":"http:\/\/www.noticiasdelparana.com.ar\/NuevaEdicion\/wp-json\/wp\/v2\/tags?post=383021"}],"curies":[{"name":"wp","href":"https:\/\/api.w.org\/{rel}","templated":true}]}}