{"id":383024,"date":"2026-09-05T15:56:23","date_gmt":"2026-09-05T18:56:23","guid":{"rendered":"http:\/\/www.noticiasdelparana.com.ar\/NuevaEdicion\/?p=383024"},"modified":"2026-09-05T15:56:25","modified_gmt":"2026-09-05T18:56:25","slug":"chaco-el-ies-de-basail-inicio-el-ciclo-lectivo-2026-2027-con-su-nueva-sede-institucional","status":"publish","type":"post","link":"http:\/\/www.noticiasdelparana.com.ar\/NuevaEdicion\/2026\/09\/05\/chaco-el-ies-de-basail-inicio-el-ciclo-lectivo-2026-2027-con-su-nueva-sede-institucional\/","title":{"rendered":"CHACO: El IES De Basail Inici\u00f3 El Ciclo Lectivo 2026-2027 Con Su Nueva Sede Institucional"},"content":{"rendered":"\n<p>El Instituto de Educaci\u00f3n Superior (IES) de Basail inici\u00f3 el ciclo lectivo 2026-2027 con su nueva sede administrativa y de rector\u00eda en esta localidad, a partir de la reorganizaci\u00f3n territorial dispuesta por el Ministerio de Educaci\u00f3n, Cultura, Ciencia y Tecnolog\u00eda de la Provincia. La medida establece el traslado de la sede que anteriormente funcionaba en Charadai y garantiza la continuidad de las propuestas acad\u00e9micas y de las cohortes de estudiantes de estas dos localidades, as\u00ed como en Cote Lai, donde sigue funcionando una Unidad de Extensi\u00f3n de Servicios dependiente de esta instituci\u00f3n educativa.<\/p>\n\n\n\n<p>La nueva sede administrativa y de rector\u00eda funciona en el edificio de la Escuela Primaria N\u00ba 21 \u201cGabriel Carrasco\u201d, en Basail. La normativa provincial fundamenta el traslado en la creciente demanda de servicios educativos de Nivel Superior en la localidad y en la necesidad de garantizar una mejor organizaci\u00f3n institucional y atenci\u00f3n de la matr\u00edcula. Durante el acto de oficializaci\u00f3n, la subsecretaria de Educaci\u00f3n, Isabel Sanchuk, transmiti\u00f3 los saludos del gobernador Leandro Zdero y de la ministra Sof\u00eda Naidenoff, y destac\u00f3 que la reorganizaci\u00f3n dispuesta fue resultado de un an\u00e1lisis de la realidad educativa de la zona. \u201cHay una pol\u00edtica educativa clara, marcada, con un rumbo para dar respuesta al contexto en el que nos encontramos\u201d, afirm\u00f3. En este sentido, explic\u00f3 que se evaluaron la demanda, la cantidad de estudiantes y las condiciones de accesibilidad para definir la nueva sede.<\/p>\n\n\n\n<p>Sanchuk remarc\u00f3 adem\u00e1s que la reorganizaci\u00f3n no implica el cierre de servicios educativos en las localidades vecinas, ya que tanto Charadai como Cote Lai continuar\u00e1n funcionando como Unidades de Extensi\u00f3n de Servicios dependientes del IES de Basail. La resoluci\u00f3n establece, asimismo, que los estudiantes que ya cursan en cada una de las localidades mantendr\u00e1n su situaci\u00f3n acad\u00e9mica sin alteraciones.<\/p>\n\n\n\n<p>El intendente de la localidad, Hern\u00e1n Paniagua, valor\u00f3 especialmente la decisi\u00f3n y el impacto que tiene para los j\u00f3venes de la comunidad, al tiempo que destac\u00f3 el trabajo articulado entre el municipio, el Gobierno Provincial y las instituciones educativas. &#8220;Desde salud, desde seguridad, desde educaci\u00f3n, desde todos los \u00e1mbitos, nuestra comunidad necesita encontrarnos juntos, trabajando por ese objetivo com\u00fan, que es el bienestar de cada uno de los ciudadanos&#8221;, asever\u00f3.<\/p>\n\n\n\n<p>Actualmente, el IES cuenta con las carreras de Tecnicatura Superior en Enfermer\u00eda, Tecnicatura en Seguridad, Higiene y Medio Ambiente en el Trabajo, Profesorado de Educaci\u00f3n Inicial, Profesorado de Educaci\u00f3n Primaria y Profesorado de Historia, distribuidas entre Basail, Charadai y Cote Lai. La instituci\u00f3n tambi\u00e9n recibe estudiantes de localidades cercanas, incluso del norte de Santa Fe.<\/p>\n\n\n\n<p>Sanchuk inst\u00f3 finalmente a estudiantes y docentes a asumir el desaf\u00edo de una formaci\u00f3n de calidad vinculada con las necesidades de cada comunidad. \u201cLa excelencia se hace en el d\u00eda a d\u00eda, en la clase, en el aula, en el estudio, en la lectura\u201d, afirm\u00f3, y destac\u00f3 el compromiso de fortalecer una educaci\u00f3n superior que permita a los j\u00f3venes formarse y aportar al desarrollo de sus propias localidades.<\/p>\n\n\n\n<p>Acompa\u00f1aron este acto el director de Educaci\u00f3n Superior; Luis Monz\u00f3n, la directora de Nivel Secundario, Elizabeth Salto; el intendente de Cote Lai; concejales de las tres localidades; autoridades acad\u00e9micas, docentes y estudiantes del IES Basail.<\/p>\n","protected":false},"excerpt":{"rendered":"<p>05-Sep-26 La medida del Ministerio de Educaci\u00f3n responde al crecimiento de la demanda de educaci\u00f3n superior en la localidad y garantiza la continuidad de las ofertas educativas en Basail, Charadai y Cote Lai.<\/p>\n","protected":false},"author":3,"featured_media":383025,"comment_status":"closed","ping_status":"closed","sticky":false,"template":"","format":"standard","meta":[],"categories":[98],"tags":[],"_links":{"self":[{"href":"http:\/\/www.noticiasdelparana.com.ar\/NuevaEdicion\/wp-json\/wp\/v2\/posts\/383024"}],"collection":[{"href":"http:\/\/www.noticiasdelparana.com.ar\/NuevaEdicion\/wp-json\/wp\/v2\/posts"}],"about":[{"href":"http:\/\/www.noticiasdelparana.com.ar\/NuevaEdicion\/wp-json\/wp\/v2\/types\/post"}],"author":[{"embeddable":true,"href":"http:\/\/www.noticiasdelparana.com.ar\/NuevaEdicion\/wp-json\/wp\/v2\/users\/3"}],"replies":[{"embeddable":true,"href":"http:\/\/www.noticiasdelparana.com.ar\/NuevaEdicion\/wp-json\/wp\/v2\/comments?post=383024"}],"version-history":[{"count":1,"href":"http:\/\/www.noticiasdelparana.com.ar\/NuevaEdicion\/wp-json\/wp\/v2\/posts\/383024\/revisions"}],"predecessor-version":[{"id":383026,"href":"http:\/\/www.noticiasdelparana.com.ar\/NuevaEdicion\/wp-json\/wp\/v2\/posts\/383024\/revisions\/383026"}],"wp:featuredmedia":[{"embeddable":true,"href":"http:\/\/www.noticiasdelparana.com.ar\/NuevaEdicion\/wp-json\/wp\/v2\/media\/383025"}],"wp:attachment":[{"href":"http:\/\/www.noticiasdelparana.com.ar\/NuevaEdicion\/wp-json\/wp\/v2\/media?parent=383024"}],"wp:term":[{"taxonomy":"category","embeddable":true,"href":"http:\/\/www.noticiasdelparana.com.ar\/NuevaEdicion\/wp-json\/wp\/v2\/categories?post=383024"},{"taxonomy":"post_tag","embeddable":true,"href":"http:\/\/www.noticiasdelparana.com.ar\/NuevaEdicion\/wp-json\/wp\/v2\/tags?post=383024"}],"curies":[{"name":"wp","href":"https:\/\/api.w.org\/{rel}","templated":true}]}}