{"id":383045,"date":"2026-09-05T21:02:06","date_gmt":"2026-09-06T00:02:06","guid":{"rendered":"http:\/\/www.noticiasdelparana.com.ar\/NuevaEdicion\/?p=383045"},"modified":"2026-09-05T21:02:18","modified_gmt":"2026-09-06T00:02:18","slug":"saenz-pena-detuvieron-a-un-hombre-con-prendas-de-vestir-sustraidas-de-un-domicilio","status":"publish","type":"post","link":"http:\/\/www.noticiasdelparana.com.ar\/NuevaEdicion\/2026\/09\/05\/saenz-pena-detuvieron-a-un-hombre-con-prendas-de-vestir-sustraidas-de-un-domicilio\/","title":{"rendered":"S\u00c1ENZ PE\u00d1A: Detuvieron A Un Hombre Con Prendas De Vestir Sustra\u00eddas De Un Domicilio"},"content":{"rendered":"\n<p>Esta tarde, un sujeto termin\u00f3 tras las rejas luego de que los efectivos del Cuerpo de Operaciones Motorizadas lo demorara con ropas sustra\u00eddas de un domicilio.<\/p>\n\n\n\n<p>Alrededor de las 17:20, los agentes tomaron conocimiento que en un domicilio del barrio Yapey\u00f9, un sujeto se llev\u00f3 varias prendas de vestir.<\/p>\n\n\n\n<p>Ante ello, iniciaron un rastrillaje, y tras circular por inmediaciones de calle 17 y 34 del barrio Gin\u00e9s Ben\u00edtez, avistaron a un sujeto quien llevaba varios elementos. All\u00ed, lo identificaron siendo un hombre de 40 a\u00f1os, quien llevaba tres pantalones de jean de dama y una calza de licra negra. Elementos que fueron reconocidas por la damnificada.<\/p>\n\n\n\n<p>Finalmente, el demorado y los elementos secuestrados fueron trasladados a la Comisar\u00eda Cuarta por razones de jurisdicci\u00f3n, donde contin\u00faan con las diligencias de rigor.<\/p>\n","protected":false},"excerpt":{"rendered":"<p>05-Sep-26  Efectivos del Grupo C.O.M., localizaron al sospechoso a pocas cuadras del lugar del hecho. La damnificada reconoci\u00f3 los elementos como de su propiedad.<\/p>\n","protected":false},"author":3,"featured_media":383046,"comment_status":"closed","ping_status":"closed","sticky":false,"template":"","format":"standard","meta":[],"categories":[103],"tags":[],"_links":{"self":[{"href":"http:\/\/www.noticiasdelparana.com.ar\/NuevaEdicion\/wp-json\/wp\/v2\/posts\/383045"}],"collection":[{"href":"http:\/\/www.noticiasdelparana.com.ar\/NuevaEdicion\/wp-json\/wp\/v2\/posts"}],"about":[{"href":"http:\/\/www.noticiasdelparana.com.ar\/NuevaEdicion\/wp-json\/wp\/v2\/types\/post"}],"author":[{"embeddable":true,"href":"http:\/\/www.noticiasdelparana.com.ar\/NuevaEdicion\/wp-json\/wp\/v2\/users\/3"}],"replies":[{"embeddable":true,"href":"http:\/\/www.noticiasdelparana.com.ar\/NuevaEdicion\/wp-json\/wp\/v2\/comments?post=383045"}],"version-history":[{"count":1,"href":"http:\/\/www.noticiasdelparana.com.ar\/NuevaEdicion\/wp-json\/wp\/v2\/posts\/383045\/revisions"}],"predecessor-version":[{"id":383047,"href":"http:\/\/www.noticiasdelparana.com.ar\/NuevaEdicion\/wp-json\/wp\/v2\/posts\/383045\/revisions\/383047"}],"wp:featuredmedia":[{"embeddable":true,"href":"http:\/\/www.noticiasdelparana.com.ar\/NuevaEdicion\/wp-json\/wp\/v2\/media\/383046"}],"wp:attachment":[{"href":"http:\/\/www.noticiasdelparana.com.ar\/NuevaEdicion\/wp-json\/wp\/v2\/media?parent=383045"}],"wp:term":[{"taxonomy":"category","embeddable":true,"href":"http:\/\/www.noticiasdelparana.com.ar\/NuevaEdicion\/wp-json\/wp\/v2\/categories?post=383045"},{"taxonomy":"post_tag","embeddable":true,"href":"http:\/\/www.noticiasdelparana.com.ar\/NuevaEdicion\/wp-json\/wp\/v2\/tags?post=383045"}],"curies":[{"name":"wp","href":"https:\/\/api.w.org\/{rel}","templated":true}]}}