{"id":383048,"date":"2026-09-05T21:22:31","date_gmt":"2026-09-06T00:22:31","guid":{"rendered":"http:\/\/www.noticiasdelparana.com.ar\/NuevaEdicion\/?p=383048"},"modified":"2026-09-05T21:22:34","modified_gmt":"2026-09-06T00:22:34","slug":"san-martin-la-e-e-s-n-o-71-obtuvo-una-mencion-especial-en-la-feria-provincial-de-ciencias","status":"publish","type":"post","link":"http:\/\/www.noticiasdelparana.com.ar\/NuevaEdicion\/2026\/09\/05\/san-martin-la-e-e-s-n-o-71-obtuvo-una-mencion-especial-en-la-feria-provincial-de-ciencias\/","title":{"rendered":"SAN MART\u00cdN: La E.E.S. N.\u00ba 71 Obtuvo Una Menci\u00f3n Especial En La Feria Provincial De Ciencias"},"content":{"rendered":"\n<p>En este marco, presentaron el proyecto denominado \u201cProtocolo X 24\/7\u201d, una iniciativa orientada al acompa\u00f1amiento y contenci\u00f3n de estudiantes que atraviesan situaciones que requieren ser escuchadas, pero que por distintos motivos no logran expresar o comunicar.<\/p>\n\n\n\n<p>El proyecto consiste en una aplicaci\u00f3n dise\u00f1ada para brindar una herramienta de apoyo a los j\u00f3venes, facilitando espacios de escucha y acompa\u00f1amiento ante diferentes problem\u00e1ticas que puedan afectar su bienestar.<\/p>\n\n\n\n<figure class=\"wp-block-image size-large\"><img loading=\"lazy\" width=\"640\" height=\"480\" src=\"http:\/\/www.noticiasdelparana.com.ar\/NuevaEdicion\/wp-content\/uploads\/2026\/09\/feria3330.jpg\" alt=\"\" class=\"wp-image-383050\" srcset=\"http:\/\/www.noticiasdelparana.com.ar\/NuevaEdicion\/wp-content\/uploads\/2026\/09\/feria3330.jpg 640w, http:\/\/www.noticiasdelparana.com.ar\/NuevaEdicion\/wp-content\/uploads\/2026\/09\/feria3330-300x225.jpg 300w\" sizes=\"(max-width: 640px) 100vw, 640px\" \/><\/figure>\n\n\n\n<p>Los estudiantes Morena Machuca y Tob\u00edas Brianzo fueron los encargados de exponer y defender la propuesta durante la feria, bajo la coordinaci\u00f3n y asesoramiento de la profesora Mariana Moreno.<\/p>\n\n\n\n<p>Como resultado de su participaci\u00f3n, la instituci\u00f3n recibi\u00f3 una \u201cMenci\u00f3n Especial\u201d, reconocimiento que destaca el trabajo realizado y el compromiso con la investigaci\u00f3n y la innovaci\u00f3n educativa.<\/p>\n\n\n\n<figure class=\"wp-block-image size-large\"><img loading=\"lazy\" width=\"640\" height=\"480\" src=\"http:\/\/www.noticiasdelparana.com.ar\/NuevaEdicion\/wp-content\/uploads\/2026\/09\/feria33300.jpg\" alt=\"\" class=\"wp-image-383051\" srcset=\"http:\/\/www.noticiasdelparana.com.ar\/NuevaEdicion\/wp-content\/uploads\/2026\/09\/feria33300.jpg 640w, http:\/\/www.noticiasdelparana.com.ar\/NuevaEdicion\/wp-content\/uploads\/2026\/09\/feria33300-300x225.jpg 300w\" sizes=\"(max-width: 640px) 100vw, 640px\" \/><\/figure>\n\n\n\n<p>El director de la E.E.S. N.\u00ba 71, licenciado Marcelo Sosa, felicit\u00f3 a los estudiantes, docentes y a toda la comunidad educativa por el logro alcanzado, resaltando la cultura de investigaci\u00f3n que caracteriza a la instituci\u00f3n, conocida hist\u00f3ricamente como la \u201cMadre de Escuelas\u201d de la localidad.<\/p>\n\n\n\n<p>La distinci\u00f3n obtenida en la Feria Provincial de Ciencias pone en valor el esfuerzo conjunto de alumnos y docentes, adem\u00e1s de reafirmar el compromiso de la escuela con la generaci\u00f3n de proyectos que buscan dar respuestas a problem\u00e1ticas reales de la comunidad educativa.<\/p>\n","protected":false},"excerpt":{"rendered":"<p>05-Sep-26  La Escuela de Educaci\u00f3n Secundaria N.\u00ba 71 \u201cEsteban Echeverr\u00eda\u201d de General Jos\u00e9 de San Mart\u00edn tuvo una destacada participaci\u00f3n en la instancia provincial de la Feria de Ciencias.<\/p>\n","protected":false},"author":3,"featured_media":383049,"comment_status":"closed","ping_status":"closed","sticky":false,"template":"","format":"standard","meta":[],"categories":[98],"tags":[],"_links":{"self":[{"href":"http:\/\/www.noticiasdelparana.com.ar\/NuevaEdicion\/wp-json\/wp\/v2\/posts\/383048"}],"collection":[{"href":"http:\/\/www.noticiasdelparana.com.ar\/NuevaEdicion\/wp-json\/wp\/v2\/posts"}],"about":[{"href":"http:\/\/www.noticiasdelparana.com.ar\/NuevaEdicion\/wp-json\/wp\/v2\/types\/post"}],"author":[{"embeddable":true,"href":"http:\/\/www.noticiasdelparana.com.ar\/NuevaEdicion\/wp-json\/wp\/v2\/users\/3"}],"replies":[{"embeddable":true,"href":"http:\/\/www.noticiasdelparana.com.ar\/NuevaEdicion\/wp-json\/wp\/v2\/comments?post=383048"}],"version-history":[{"count":1,"href":"http:\/\/www.noticiasdelparana.com.ar\/NuevaEdicion\/wp-json\/wp\/v2\/posts\/383048\/revisions"}],"predecessor-version":[{"id":383052,"href":"http:\/\/www.noticiasdelparana.com.ar\/NuevaEdicion\/wp-json\/wp\/v2\/posts\/383048\/revisions\/383052"}],"wp:featuredmedia":[{"embeddable":true,"href":"http:\/\/www.noticiasdelparana.com.ar\/NuevaEdicion\/wp-json\/wp\/v2\/media\/383049"}],"wp:attachment":[{"href":"http:\/\/www.noticiasdelparana.com.ar\/NuevaEdicion\/wp-json\/wp\/v2\/media?parent=383048"}],"wp:term":[{"taxonomy":"category","embeddable":true,"href":"http:\/\/www.noticiasdelparana.com.ar\/NuevaEdicion\/wp-json\/wp\/v2\/categories?post=383048"},{"taxonomy":"post_tag","embeddable":true,"href":"http:\/\/www.noticiasdelparana.com.ar\/NuevaEdicion\/wp-json\/wp\/v2\/tags?post=383048"}],"curies":[{"name":"wp","href":"https:\/\/api.w.org\/{rel}","templated":true}]}}