{"id":383056,"date":"2026-09-06T08:45:56","date_gmt":"2026-09-06T11:45:56","guid":{"rendered":"http:\/\/www.noticiasdelparana.com.ar\/NuevaEdicion\/?p=383056"},"modified":"2026-09-06T08:46:05","modified_gmt":"2026-09-06T11:46:05","slug":"margarita-belen-secuestraron-los-elementos-sustraidos-y-detuvieron-a-un-joven","status":"publish","type":"post","link":"http:\/\/www.noticiasdelparana.com.ar\/NuevaEdicion\/2026\/09\/06\/margarita-belen-secuestraron-los-elementos-sustraidos-y-detuvieron-a-un-joven\/","title":{"rendered":"MARGARITA BEL\u00c9N: Secuestraron Los Elementos Sustra\u00eddos Y Detuvieron A Un Joven"},"content":{"rendered":"\n<p>Un hombre de 53 a\u00f1os denunci\u00f3 que personas extra\u00f1as ingresaron a su casa tras romper un ventiluz y se llevaron varios electrodom\u00e9sticos y herramientas. Inmediatamente los efectivos de la comisar\u00eda local comenzaron una investigaci\u00f3n para recuperar todo.<\/p>\n\n\n\n<p>Esta tarde en inmediaciones del barrio Norte demoraron a un joven de 24 a\u00f1os que intentaba comercializar la motoguada\u00f1a denunciada y, al no poder justificar su procedencia, fue secuestrada y el sospechoso conducido a la dependencia policial.<\/p>\n\n\n\n<p>Posteriormente, mediante las averiguaciones realizadas, los uniformados lograron localizar el resto de los elementos sustra\u00eddos, que se encontraban en poder de distintos vecinos de la zona. Al conocer la procedencia de los bienes, realizaron la entrega voluntaria de los mismos.<\/p>\n\n\n\n<p>La Fiscal\u00eda en turno dispuso la aprehensi\u00f3n del joven en la causa por supuesto robo y la restituci\u00f3n de los elementos a su propietario.<\/p>\n\n\n\n<p>05-Sep-26&nbsp; Efectivos del Grupo C.O.M., localizaron al sospechoso a pocas cuadras del lugar del hecho. La damnificada reconoci\u00f3 los elementos como de su propiedad.<\/p>\n","protected":false},"excerpt":{"rendered":"<p>06-Sep-26 El hecho fue denunciado durante la noche del s\u00e1bado. Los efectivos iniciaron una r\u00e1pida investigaci\u00f3n y lograron secuestrar la totalidad de los bienes denunciados como sustra\u00eddos.<br \/>\n&#8230;<\/p>\n","protected":false},"author":3,"featured_media":383057,"comment_status":"closed","ping_status":"closed","sticky":false,"template":"","format":"standard","meta":[],"categories":[103],"tags":[],"_links":{"self":[{"href":"http:\/\/www.noticiasdelparana.com.ar\/NuevaEdicion\/wp-json\/wp\/v2\/posts\/383056"}],"collection":[{"href":"http:\/\/www.noticiasdelparana.com.ar\/NuevaEdicion\/wp-json\/wp\/v2\/posts"}],"about":[{"href":"http:\/\/www.noticiasdelparana.com.ar\/NuevaEdicion\/wp-json\/wp\/v2\/types\/post"}],"author":[{"embeddable":true,"href":"http:\/\/www.noticiasdelparana.com.ar\/NuevaEdicion\/wp-json\/wp\/v2\/users\/3"}],"replies":[{"embeddable":true,"href":"http:\/\/www.noticiasdelparana.com.ar\/NuevaEdicion\/wp-json\/wp\/v2\/comments?post=383056"}],"version-history":[{"count":1,"href":"http:\/\/www.noticiasdelparana.com.ar\/NuevaEdicion\/wp-json\/wp\/v2\/posts\/383056\/revisions"}],"predecessor-version":[{"id":383058,"href":"http:\/\/www.noticiasdelparana.com.ar\/NuevaEdicion\/wp-json\/wp\/v2\/posts\/383056\/revisions\/383058"}],"wp:featuredmedia":[{"embeddable":true,"href":"http:\/\/www.noticiasdelparana.com.ar\/NuevaEdicion\/wp-json\/wp\/v2\/media\/383057"}],"wp:attachment":[{"href":"http:\/\/www.noticiasdelparana.com.ar\/NuevaEdicion\/wp-json\/wp\/v2\/media?parent=383056"}],"wp:term":[{"taxonomy":"category","embeddable":true,"href":"http:\/\/www.noticiasdelparana.com.ar\/NuevaEdicion\/wp-json\/wp\/v2\/categories?post=383056"},{"taxonomy":"post_tag","embeddable":true,"href":"http:\/\/www.noticiasdelparana.com.ar\/NuevaEdicion\/wp-json\/wp\/v2\/tags?post=383056"}],"curies":[{"name":"wp","href":"https:\/\/api.w.org\/{rel}","templated":true}]}}