{"id":383063,"date":"2026-09-06T08:52:54","date_gmt":"2026-09-06T11:52:54","guid":{"rendered":"http:\/\/www.noticiasdelparana.com.ar\/NuevaEdicion\/?p=383063"},"modified":"2026-09-06T08:53:00","modified_gmt":"2026-09-06T11:53:00","slug":"avia-terai-perdio-su-celular-lo-rastreo-por-gps-y-la-policia-logro-recuperarlo","status":"publish","type":"post","link":"http:\/\/www.noticiasdelparana.com.ar\/NuevaEdicion\/2026\/09\/06\/avia-terai-perdio-su-celular-lo-rastreo-por-gps-y-la-policia-logro-recuperarlo\/","title":{"rendered":"AVIA TERAI: Perdi\u00f3 Su Celular, Lo Rastre\u00f3 Por GPS Y La Polic\u00eda Logr\u00f3 Recuperarlo"},"content":{"rendered":"\n<p>El hecho fue denunciado anoche, una joven inform\u00f3 que hab\u00eda perdido su tel\u00e9fono celular mientras circulaba en motocicleta por la v\u00eda p\u00fablica. Al regresar al lugar donde crey\u00f3 haberlo extraviado, observ\u00f3 a un desconocido levantar un objeto del suelo, aunque posteriormente lo perdi\u00f3 de vista.<\/p>\n\n\n\n<p>Mediante la herramienta de localizaci\u00f3n del dispositivo, la propietaria logr\u00f3 establecer que el celular permanec\u00eda encendido y se encontraba en otro sector de la localidad, por lo que aport\u00f3 esta informaci\u00f3n a los efectivos policiales.<\/p>\n\n\n\n<p>A partir de las averiguaciones realizadas, los efectivos de la Comisar\u00eda de Avia Terai establecieron qui\u00e9n tendr\u00eda en su poder el tel\u00e9fono. Se trataba de un adolescente que adem\u00e1s, intentaba comercializar el dispositivo en el barrio Itat\u00ed.<\/p>\n\n\n\n<p>Montaron un operativo en la zona, y lo interceptaron, en su poder secuestraron el celular denunciado. Finalmente, por disposici\u00f3n de la Fiscal\u00eda de Investigaci\u00f3n Penal en turno, el tel\u00e9fono fue restituido a su propietaria bajo las formalidades legales correspondientes, y el adolescente de 16 a\u00f1os fue puesto ante la justicia.<\/p>\n","protected":false},"excerpt":{"rendered":"<p>06-Sep-26  Gracias a la informaci\u00f3n obtenida mediante la geolocalizaci\u00f3n del dispositivo y al r\u00e1pido accionar policial, el celular fue localizado y devuelto a su propietaria.<\/p>\n","protected":false},"author":3,"featured_media":383064,"comment_status":"closed","ping_status":"closed","sticky":false,"template":"","format":"standard","meta":[],"categories":[103],"tags":[],"_links":{"self":[{"href":"http:\/\/www.noticiasdelparana.com.ar\/NuevaEdicion\/wp-json\/wp\/v2\/posts\/383063"}],"collection":[{"href":"http:\/\/www.noticiasdelparana.com.ar\/NuevaEdicion\/wp-json\/wp\/v2\/posts"}],"about":[{"href":"http:\/\/www.noticiasdelparana.com.ar\/NuevaEdicion\/wp-json\/wp\/v2\/types\/post"}],"author":[{"embeddable":true,"href":"http:\/\/www.noticiasdelparana.com.ar\/NuevaEdicion\/wp-json\/wp\/v2\/users\/3"}],"replies":[{"embeddable":true,"href":"http:\/\/www.noticiasdelparana.com.ar\/NuevaEdicion\/wp-json\/wp\/v2\/comments?post=383063"}],"version-history":[{"count":1,"href":"http:\/\/www.noticiasdelparana.com.ar\/NuevaEdicion\/wp-json\/wp\/v2\/posts\/383063\/revisions"}],"predecessor-version":[{"id":383065,"href":"http:\/\/www.noticiasdelparana.com.ar\/NuevaEdicion\/wp-json\/wp\/v2\/posts\/383063\/revisions\/383065"}],"wp:featuredmedia":[{"embeddable":true,"href":"http:\/\/www.noticiasdelparana.com.ar\/NuevaEdicion\/wp-json\/wp\/v2\/media\/383064"}],"wp:attachment":[{"href":"http:\/\/www.noticiasdelparana.com.ar\/NuevaEdicion\/wp-json\/wp\/v2\/media?parent=383063"}],"wp:term":[{"taxonomy":"category","embeddable":true,"href":"http:\/\/www.noticiasdelparana.com.ar\/NuevaEdicion\/wp-json\/wp\/v2\/categories?post=383063"},{"taxonomy":"post_tag","embeddable":true,"href":"http:\/\/www.noticiasdelparana.com.ar\/NuevaEdicion\/wp-json\/wp\/v2\/tags?post=383063"}],"curies":[{"name":"wp","href":"https:\/\/api.w.org\/{rel}","templated":true}]}}