{"id":383066,"date":"2026-09-06T08:55:20","date_gmt":"2026-09-06T11:55:20","guid":{"rendered":"http:\/\/www.noticiasdelparana.com.ar\/NuevaEdicion\/?p=383066"},"modified":"2026-09-06T08:55:30","modified_gmt":"2026-09-06T11:55:30","slug":"resistencia-intento-robar-un-celular-cayo-de-su-motocicleta-y-fue-demorado-por-los-vecinos","status":"publish","type":"post","link":"http:\/\/www.noticiasdelparana.com.ar\/NuevaEdicion\/2026\/09\/06\/resistencia-intento-robar-un-celular-cayo-de-su-motocicleta-y-fue-demorado-por-los-vecinos\/","title":{"rendered":"RESISTENCIA:  Intent\u00f3 Robar Un Celular, Cay\u00f3 De Su Motocicleta Y Fue Demorado Por Los Vecinos"},"content":{"rendered":"\n<p>Anoche alrededor de las 1.30, los efectivos de la Divisi\u00f3n Patrulla Preventiva fueron comisionados a un sector de Resistencia tras ser alertados sobre un presunto intento de robo y una persona demorada por vecinos por la calle Arbo y Blanco al 2700.<\/p>\n\n\n\n<p>Al llegar al lugar, los uniformados observaron a varias personas alrededor de un hombre que se encontraba en el suelo. All\u00ed se entrevistaron con una joven de 18 a\u00f1os que habr\u00eda sido v\u00edctima del hecho.<\/p>\n\n\n\n<p>Seg\u00fan relat\u00f3, el sujeto se acerc\u00f3 y le sustrajo su tel\u00e9fono celular, un iPhone 16 Pro Max. Sin embargo, cuando intentaba escapar en una motocicleta perdi\u00f3 el control del rodado y cay\u00f3 al suelo, siendo reducido por vecinos que presenciaron la situaci\u00f3n.<\/p>\n\n\n\n<p>Para resguardar su integridad f\u00edsica y la de terceros, los agentes intervinieron inmediatamente y realizaron un palpado de seguridad, encontrando entre las prendas del sospechoso un tel\u00e9fono celular que fue reconocido por la damnificada como de su propiedad.<\/p>\n\n\n\n<p>Procedieron al secuestro del celular y de la motocicleta utilizada por el presunto autor. Debido a las lesiones que presentaba, el hombre fue trasladado al Hospital Julio C. Perrando, donde recibi\u00f3 atenci\u00f3n m\u00e9dica antes de ser puesto a disposici\u00f3n de la dependencia policial correspondiente.<\/p>\n\n\n\n<p>La causa fue caratulada como supuesta tentativa de robo a disposici\u00f3n de la fiscal\u00eda en turno.<\/p>\n","protected":false},"excerpt":{"rendered":"<p>06-Sep-26   El implicado de 28 a\u00f1os fue puesto ante la justicia.<\/p>\n","protected":false},"author":3,"featured_media":383067,"comment_status":"closed","ping_status":"closed","sticky":false,"template":"","format":"standard","meta":[],"categories":[103],"tags":[],"_links":{"self":[{"href":"http:\/\/www.noticiasdelparana.com.ar\/NuevaEdicion\/wp-json\/wp\/v2\/posts\/383066"}],"collection":[{"href":"http:\/\/www.noticiasdelparana.com.ar\/NuevaEdicion\/wp-json\/wp\/v2\/posts"}],"about":[{"href":"http:\/\/www.noticiasdelparana.com.ar\/NuevaEdicion\/wp-json\/wp\/v2\/types\/post"}],"author":[{"embeddable":true,"href":"http:\/\/www.noticiasdelparana.com.ar\/NuevaEdicion\/wp-json\/wp\/v2\/users\/3"}],"replies":[{"embeddable":true,"href":"http:\/\/www.noticiasdelparana.com.ar\/NuevaEdicion\/wp-json\/wp\/v2\/comments?post=383066"}],"version-history":[{"count":1,"href":"http:\/\/www.noticiasdelparana.com.ar\/NuevaEdicion\/wp-json\/wp\/v2\/posts\/383066\/revisions"}],"predecessor-version":[{"id":383068,"href":"http:\/\/www.noticiasdelparana.com.ar\/NuevaEdicion\/wp-json\/wp\/v2\/posts\/383066\/revisions\/383068"}],"wp:featuredmedia":[{"embeddable":true,"href":"http:\/\/www.noticiasdelparana.com.ar\/NuevaEdicion\/wp-json\/wp\/v2\/media\/383067"}],"wp:attachment":[{"href":"http:\/\/www.noticiasdelparana.com.ar\/NuevaEdicion\/wp-json\/wp\/v2\/media?parent=383066"}],"wp:term":[{"taxonomy":"category","embeddable":true,"href":"http:\/\/www.noticiasdelparana.com.ar\/NuevaEdicion\/wp-json\/wp\/v2\/categories?post=383066"},{"taxonomy":"post_tag","embeddable":true,"href":"http:\/\/www.noticiasdelparana.com.ar\/NuevaEdicion\/wp-json\/wp\/v2\/tags?post=383066"}],"curies":[{"name":"wp","href":"https:\/\/api.w.org\/{rel}","templated":true}]}}