{"id":383074,"date":"2026-09-06T09:20:42","date_gmt":"2026-09-06T12:20:42","guid":{"rendered":"http:\/\/www.noticiasdelparana.com.ar\/NuevaEdicion\/?p=383074"},"modified":"2026-09-06T09:20:46","modified_gmt":"2026-09-06T12:20:46","slug":"corrientes-murio-un-hombre-tras-un-choque-entre-dos-camiones-en-la-ruta-119","status":"publish","type":"post","link":"http:\/\/www.noticiasdelparana.com.ar\/NuevaEdicion\/2026\/09\/06\/corrientes-murio-un-hombre-tras-un-choque-entre-dos-camiones-en-la-ruta-119\/","title":{"rendered":"CORRIENTES: Muri\u00f3 Un Hombre Tras Un Choque Entre Dos Camiones En La Ruta 119"},"content":{"rendered":"\n<p>Un tr\u00e1gico accidente vial cobr\u00f3 la vida de una persona en la madrugada de este s\u00e1bado sobre la Ruta Nacional 119, a la altura del kil\u00f3metro 107, e involucr\u00f3 a dos camiones con acoplado que circulaban en sentido sur-norte, jurisdicci\u00f3n de la ciudad de Mercedes.<\/p>\n\n\n\n<p>El luctuoso siniestro vial ocurri\u00f3 alrededor de las 2, cuando un cami\u00f3n Volkswagen conducido por Javier Alfredo Carca\u00f1o, con domicilio en la localidad bonaerense de San Isidro, impact\u00f3 de forma violenta contra la parte trasera de un Mercedes Benz 1114 que transportaba un acoplado vac\u00edo, seg\u00fan detallaron fuentes policiales.&nbsp;<\/p>\n\n\n\n<p>Producto de las grav\u00edsimas heridas sufridas, el conductor del primer veh\u00edculo falleci\u00f3 minutos despu\u00e9s de ingresar al hospital local &#8220;Las Mercedes&#8221;.<\/p>\n\n\n\n<p>Hip\u00f3tesis<\/p>\n\n\n\n<p>La investigaci\u00f3n policial, en base a directivas de la Unidad Fiscal de turno a cargo de Adri\u00e1n Casarrubia, revel\u00f3 que el Mercedes Benz -guiado por un chofer de apellido Ram\u00edrez, oriundo de la ciudad correntina de Monte Caseros- acababa de salir de un comedor rutero ubicado a pocos metros del lugar del hecho.<\/p>\n\n\n\n<p>Despu\u00e9s de incorporarse a la cinta asf\u00e1ltica, el camionero habr\u00eda reducido dr\u00e1sticamente la velocidad debido al avanzado estado de deterioro que presenta el paso a nivel de las v\u00edas f\u00e9rreas en ese sector, seg\u00fan pudo saberse.&nbsp;<\/p>\n\n\n\n<p>La maniobra llev\u00f3 a que el otro cami\u00f3n marca Volkswagen, que ven\u00eda detr\u00e1s, no lograra frenar a tiempo, colision\u00e1ndolo&nbsp; contra la culata del acoplado por lo cual lo arrastr\u00f3 varios metros sobre la ruta.<\/p>\n\n\n\n<p>A ra\u00edz de los reiterados llamados de alerta de otros automovilistas, se despleg\u00f3 un r\u00e1pido operativo de emergencia en la zona.&nbsp;<\/p>\n\n\n\n<p>Trabajaron en el lugar dotaciones de Bomberos Voluntarios, efectivos de la Polic\u00eda de Corrientes y ambulancias del sistema de salud p\u00fablica. Los rescatistas lograron retirar al conductor atrapado en la cabina del Volkswagen para trasladarlo de urgencia hacia el nosocomio m\u00e1s cercano. Sin embargo, a pesar de las maniobras de reanimaci\u00f3n aplicadas por el personal m\u00e9dico, la v\u00edctima falleci\u00f3 a los pocos minutos de su ingreso.<\/p>\n\n\n\n<p>Por su parte, peritos de la Unidad Fiscal llevaron adelante los relevamientos mec\u00e1nicos y accidentol\u00f3gicos correspondientes sobre la calzada para determinar cient\u00edficamente la velocidad de los rodados y la existencia de huellas de frenado.<\/p>\n\n\n\n<p>Desde el Ministerio P\u00fablico se dispuso el inicio de actuaciones de oficio como &#8220;supuesta v\u00edctima fatal en accidente de tr\u00e1nsito&#8221; mientras se aguardan los informes forenses y las declaraciones testimoniales.<\/p>\n","protected":false},"excerpt":{"rendered":"<p>06-Sep-26 Aseguran que uno de los veh\u00edculos de carga disminuy\u00f3 la velocidad en un paso a nivel en mal estado cuando fue embestido de atr\u00e1s<\/p>\n","protected":false},"author":3,"featured_media":383075,"comment_status":"closed","ping_status":"closed","sticky":false,"template":"","format":"standard","meta":[],"categories":[139],"tags":[],"_links":{"self":[{"href":"http:\/\/www.noticiasdelparana.com.ar\/NuevaEdicion\/wp-json\/wp\/v2\/posts\/383074"}],"collection":[{"href":"http:\/\/www.noticiasdelparana.com.ar\/NuevaEdicion\/wp-json\/wp\/v2\/posts"}],"about":[{"href":"http:\/\/www.noticiasdelparana.com.ar\/NuevaEdicion\/wp-json\/wp\/v2\/types\/post"}],"author":[{"embeddable":true,"href":"http:\/\/www.noticiasdelparana.com.ar\/NuevaEdicion\/wp-json\/wp\/v2\/users\/3"}],"replies":[{"embeddable":true,"href":"http:\/\/www.noticiasdelparana.com.ar\/NuevaEdicion\/wp-json\/wp\/v2\/comments?post=383074"}],"version-history":[{"count":1,"href":"http:\/\/www.noticiasdelparana.com.ar\/NuevaEdicion\/wp-json\/wp\/v2\/posts\/383074\/revisions"}],"predecessor-version":[{"id":383076,"href":"http:\/\/www.noticiasdelparana.com.ar\/NuevaEdicion\/wp-json\/wp\/v2\/posts\/383074\/revisions\/383076"}],"wp:featuredmedia":[{"embeddable":true,"href":"http:\/\/www.noticiasdelparana.com.ar\/NuevaEdicion\/wp-json\/wp\/v2\/media\/383075"}],"wp:attachment":[{"href":"http:\/\/www.noticiasdelparana.com.ar\/NuevaEdicion\/wp-json\/wp\/v2\/media?parent=383074"}],"wp:term":[{"taxonomy":"category","embeddable":true,"href":"http:\/\/www.noticiasdelparana.com.ar\/NuevaEdicion\/wp-json\/wp\/v2\/categories?post=383074"},{"taxonomy":"post_tag","embeddable":true,"href":"http:\/\/www.noticiasdelparana.com.ar\/NuevaEdicion\/wp-json\/wp\/v2\/tags?post=383074"}],"curies":[{"name":"wp","href":"https:\/\/api.w.org\/{rel}","templated":true}]}}