{"id":383077,"date":"2026-09-06T09:22:43","date_gmt":"2026-09-06T12:22:43","guid":{"rendered":"http:\/\/www.noticiasdelparana.com.ar\/NuevaEdicion\/?p=383077"},"modified":"2026-09-06T09:22:48","modified_gmt":"2026-09-06T12:22:48","slug":"corrientes-fallo-historico-medico-fue-condenado-por-matar-un-perro","status":"publish","type":"post","link":"http:\/\/www.noticiasdelparana.com.ar\/NuevaEdicion\/2026\/09\/06\/corrientes-fallo-historico-medico-fue-condenado-por-matar-un-perro\/","title":{"rendered":"CORRIENTES: Fallo Hist\u00f3rico: M\u00e9dico Fue Condenado Por Matar Un Perro"},"content":{"rendered":"\n<p>En un fallo hist\u00f3rico, el Tribunal Oral y Penal de Santo Tom\u00e9, Corrientes, conden\u00f3 a un m\u00e9dico de 71 a\u00f1os por matar a balazos a un perro en la zona rural de esa ciudad, lo cual gener\u00f3 el a\u00f1o pasado, una gran indignaci\u00f3n social.<\/p>\n\n\n\n<p>Varias agrupaciones animalistas, vecinos y familiares de animales v\u00edctimas de violencia, se hab\u00edan movilizado con innumerables muestras de repudio cuando ocurrieron los hechos.<\/p>\n\n\n\n<p>Luego de dos jornadas de debate, Ram\u00f3n Virgilio G\u00f3mez fue hallado culpable de los delitos de maltrato animal en concurso real y tenencia de arma de fuego, por lo cual el tribunal le impuso una pena de un a\u00f1o y cinco meses de prisi\u00f3n en suspenso.<\/p>\n\n\n\n<p>El juicio estuvo a cargo de Francisco Ramos, mientras que la acusaci\u00f3n fue sostenida por el fiscal Rural, Mart\u00edn Leiva, seg\u00fan detall\u00f3 el portal Digital Santo Tom\u00e9.<\/p>\n\n\n\n<p>Baleado<\/p>\n\n\n\n<p>De acuerdo con lo establecido en la causa, la mascota llamada &#8220;Rocko&#8221; fue atacada con un arma de fuego en dos oportunidades. El primer episodio ocurri\u00f3 en julio de 2025, cuando recibi\u00f3 un disparo en la cabeza aunque logr\u00f3 sobrevivir, despu\u00e9s de tratamiento veterinario urgente.<\/p>\n\n\n\n<p>No conforme con ello, ocurri\u00f3 un segundo ataque que se produjo cinco meses despu\u00e9s el 24 de diciembre de 2025, cuando el animal sufri\u00f3 lesiones tan severas que le provocaron su muerte durante los primeros d\u00edas de este a\u00f1o.<\/p>\n\n\n\n<p>Tras conocerse la sentencia, la abogada animalista Liliana G\u00f3mez, quien intervino ad honorem en la causa, destac\u00f3 el alcance del fallo y el acompa\u00f1amiento recibido durante el proceso.<\/p>\n\n\n\n<p>\u201cNo pudiste hablar en los tribunales Rocko, pero tu historia fue escuchada. Tu paso por la Tierra deja una huella imborrable de dignidad y un precedente judicial que salvar\u00e1 a otros animales\u201d, expres\u00f3.<\/p>\n\n\n\n<p>La letrada tambi\u00e9n reconoci\u00f3 que la pena gener\u00f3 cuestionamientos entre ciudadanos que consideran insuficiente una condena de prisi\u00f3n en suspenso frente a un hecho de violencia contra un animal.<\/p>\n\n\n\n<p>En ese sentido, sostuvo que \u201cmuchos ciudadanos consideran que la pena es muy baja y que un a\u00f1o sin ir a la c\u00e1rcel no frena la violencia ni repara el da\u00f1o causado a Rocko\u201d.<\/p>\n\n\n\n<p>G\u00f3mez destac\u00f3 adem\u00e1s el trabajo realizado junto con agrupaciones animalistas, vecinos y familiares de animales v\u00edctimas de violencia en distintos puntos de la provincia de Corrientes.<\/p>\n\n\n\n<p>Antecedentes<\/p>\n\n\n\n<p>Seg\u00fan plante\u00f3, la persistencia en el \u00e1mbito judicial permiti\u00f3 marcar un precedente que podr\u00eda tener impacto en futuras causas de maltrato animal, incluso dentro de las limitaciones que establece el marco legal vigente.<\/p>\n\n\n\n<p>\u201cPero sin la Ley 14.346 no ser\u00eda posible en la provincia de Corrientes\u201d, remarc\u00f3 la abogada, en referencia a la normativa nacional que establece penas para los actos de maltrato y crueldad contra los animales.<\/p>\n\n\n\n<p>La profesional tambi\u00e9n mencion\u00f3 otros fallos recientes que, seg\u00fan se\u00f1al\u00f3, contribuyen a consolidar antecedentes judiciales en materia de protecci\u00f3n animal.<\/p>\n\n\n\n<p>En Esquina, indic\u00f3, se conoci\u00f3 una condena de un a\u00f1o, mientras que en la ciudad de Corrientes se dict\u00f3 una pena de dos a\u00f1os de prisi\u00f3n en suspenso por un caso de crueldad animal bajo la modalidad de abuso sexual, tambi\u00e9n de car\u00e1cter condicional.<\/p>\n","protected":false},"excerpt":{"rendered":"<p>06-Sep-26 Ram\u00f3n Virgilio G\u00f3mez fue sentenciado a un a\u00f1o y cinco meses de prisi\u00f3n en suspenso por maltrato animal y tenencia de arma de fuego<\/p>\n","protected":false},"author":3,"featured_media":383078,"comment_status":"closed","ping_status":"closed","sticky":false,"template":"","format":"standard","meta":[],"categories":[139],"tags":[],"_links":{"self":[{"href":"http:\/\/www.noticiasdelparana.com.ar\/NuevaEdicion\/wp-json\/wp\/v2\/posts\/383077"}],"collection":[{"href":"http:\/\/www.noticiasdelparana.com.ar\/NuevaEdicion\/wp-json\/wp\/v2\/posts"}],"about":[{"href":"http:\/\/www.noticiasdelparana.com.ar\/NuevaEdicion\/wp-json\/wp\/v2\/types\/post"}],"author":[{"embeddable":true,"href":"http:\/\/www.noticiasdelparana.com.ar\/NuevaEdicion\/wp-json\/wp\/v2\/users\/3"}],"replies":[{"embeddable":true,"href":"http:\/\/www.noticiasdelparana.com.ar\/NuevaEdicion\/wp-json\/wp\/v2\/comments?post=383077"}],"version-history":[{"count":1,"href":"http:\/\/www.noticiasdelparana.com.ar\/NuevaEdicion\/wp-json\/wp\/v2\/posts\/383077\/revisions"}],"predecessor-version":[{"id":383079,"href":"http:\/\/www.noticiasdelparana.com.ar\/NuevaEdicion\/wp-json\/wp\/v2\/posts\/383077\/revisions\/383079"}],"wp:featuredmedia":[{"embeddable":true,"href":"http:\/\/www.noticiasdelparana.com.ar\/NuevaEdicion\/wp-json\/wp\/v2\/media\/383078"}],"wp:attachment":[{"href":"http:\/\/www.noticiasdelparana.com.ar\/NuevaEdicion\/wp-json\/wp\/v2\/media?parent=383077"}],"wp:term":[{"taxonomy":"category","embeddable":true,"href":"http:\/\/www.noticiasdelparana.com.ar\/NuevaEdicion\/wp-json\/wp\/v2\/categories?post=383077"},{"taxonomy":"post_tag","embeddable":true,"href":"http:\/\/www.noticiasdelparana.com.ar\/NuevaEdicion\/wp-json\/wp\/v2\/tags?post=383077"}],"curies":[{"name":"wp","href":"https:\/\/api.w.org\/{rel}","templated":true}]}}