{"id":383080,"date":"2026-09-06T09:28:02","date_gmt":"2026-09-06T12:28:02","guid":{"rendered":"http:\/\/www.noticiasdelparana.com.ar\/NuevaEdicion\/?p=383080"},"modified":"2026-09-06T09:28:09","modified_gmt":"2026-09-06T12:28:09","slug":"barranqueras-mas-de-3-500-ninos-participaron-de-los-festejos-por-el-dia-del-nino-en-plaza-sarmiento","status":"publish","type":"post","link":"http:\/\/www.noticiasdelparana.com.ar\/NuevaEdicion\/2026\/09\/06\/barranqueras-mas-de-3-500-ninos-participaron-de-los-festejos-por-el-dia-del-nino-en-plaza-sarmiento\/","title":{"rendered":"BARRANQUERAS:    M\u00e1s De 3.500 Ni\u00f1os Participaron De Los Festejos Por El D\u00eda Del Ni\u00f1o En Plaza Sarmiento"},"content":{"rendered":"\n<p>Desde horas de la tarde, el principal espacio p\u00fablico de la ciudad se colm\u00f3 de vecinos que disfrutaron de una propuesta especialmente pensada para las infancias. Juegos, baile, personajes animados, stands de las distintas \u00e1reas municipales, sorteos y actividades recreativas formaron parte de la celebraci\u00f3n.<\/p>\n\n\n\n<p>La intendenta Magda Ayala destac\u00f3 la masiva participaci\u00f3n de las familias y valor\u00f3 el trabajo conjunto de todas las \u00e1reas municipales para concretar el evento.<\/p>\n\n\n\n<p>\u201cLa verdad que pudimos observar que las familias est\u00e1n disfrutando. Comenzamos muy temprano por el clima, llevando sonrisas, alegr\u00eda y mucho amor a los ni\u00f1os. Hay varios stands de las distintas secretar\u00edas y muchas propuestas para los chicos\u201d, expres\u00f3.<\/p>\n\n\n\n<p>Ayala se\u00f1al\u00f3 adem\u00e1s que la convocatoria super\u00f3 las expectativas y remarc\u00f3 el clima de tranquilidad con el que se desarroll\u00f3 la jornada.<\/p>\n\n\n\n<p>\u201cHay m\u00e1s de 3.500 chicos participando. Compartimos chocolate con masas, realizamos numerosos sorteos y contamos con personajes que llevaron alegr\u00eda a los m\u00e1s peque\u00f1os. Estamos muy contentos porque todo se desarroll\u00f3 en un marco de tranquilidad\u201d, afirm\u00f3.<\/p>\n\n\n\n<p>La jefa comunal tambi\u00e9n destac\u00f3 la presencia de emprendedores locales y el acompa\u00f1amiento de las familias, que se acercaron con reposeras y mates para compartir la tarde.<\/p>\n\n\n\n<p>\u201cEstos son puntos de encuentro que las familias valoran mucho. Ver la plaza llena de vecinos compartiendo juntos nos pone muy felices\u201d, sostuvo.<\/p>\n\n\n\n<p><strong>Septiembre Llegar\u00e1 Con M\u00e1s Actividades<\/strong><\/p>\n\n\n\n<p>Durante el cierre de los festejos, la intendenta adelant\u00f3 que septiembre estar\u00e1 cargado de propuestas para los j\u00f3venes y la comunidad.<\/p>\n\n\n\n<p>En ese sentido, confirm\u00f3 la realizaci\u00f3n de las tradicionales estudiantinas y anticip\u00f3 que en los pr\u00f3ximos d\u00edas se anunciar\u00e1n nuevas actividades vinculadas a la Fiesta de la Primavera, las recepciones estudiantiles y los festejos por el D\u00eda del Maestro.<\/p>\n\n\n\n<p>\u201cDe septiembre en adelante tenemos muchas actividades. Vamos a realizar las estudiantinas y varios programas para que los j\u00f3venes puedan participar y disfrutar de estos espacios de encuentro\u201d, concluy\u00f3.<\/p>\n\n\n\n<p>La celebraci\u00f3n por el D\u00eda del Ni\u00f1o se consolid\u00f3 as\u00ed como uno de los eventos m\u00e1s convocantes del a\u00f1o en Barranqueras, reuniendo a miles de vecinos en una jornada dedicada al entretenimiento, la integraci\u00f3n y el disfrute de las familias.<\/p>\n","protected":false},"excerpt":{"rendered":"<p>06-Sep-26 La ciudad de Barranqueras vivi\u00f3 una multitudinaria jornada de celebraci\u00f3n por el D\u00eda del Ni\u00f1o en la Plaza Sarmiento, donde m\u00e1s de 3.500 chicos y sus familias participaron de actividades recreativas, sorteos, espect\u00e1culos y una gran merienda comunitaria organizada por el municipio.<\/p>\n","protected":false},"author":3,"featured_media":383083,"comment_status":"closed","ping_status":"closed","sticky":false,"template":"","format":"standard","meta":[],"categories":[99,108],"tags":[],"_links":{"self":[{"href":"http:\/\/www.noticiasdelparana.com.ar\/NuevaEdicion\/wp-json\/wp\/v2\/posts\/383080"}],"collection":[{"href":"http:\/\/www.noticiasdelparana.com.ar\/NuevaEdicion\/wp-json\/wp\/v2\/posts"}],"about":[{"href":"http:\/\/www.noticiasdelparana.com.ar\/NuevaEdicion\/wp-json\/wp\/v2\/types\/post"}],"author":[{"embeddable":true,"href":"http:\/\/www.noticiasdelparana.com.ar\/NuevaEdicion\/wp-json\/wp\/v2\/users\/3"}],"replies":[{"embeddable":true,"href":"http:\/\/www.noticiasdelparana.com.ar\/NuevaEdicion\/wp-json\/wp\/v2\/comments?post=383080"}],"version-history":[{"count":1,"href":"http:\/\/www.noticiasdelparana.com.ar\/NuevaEdicion\/wp-json\/wp\/v2\/posts\/383080\/revisions"}],"predecessor-version":[{"id":383084,"href":"http:\/\/www.noticiasdelparana.com.ar\/NuevaEdicion\/wp-json\/wp\/v2\/posts\/383080\/revisions\/383084"}],"wp:featuredmedia":[{"embeddable":true,"href":"http:\/\/www.noticiasdelparana.com.ar\/NuevaEdicion\/wp-json\/wp\/v2\/media\/383083"}],"wp:attachment":[{"href":"http:\/\/www.noticiasdelparana.com.ar\/NuevaEdicion\/wp-json\/wp\/v2\/media?parent=383080"}],"wp:term":[{"taxonomy":"category","embeddable":true,"href":"http:\/\/www.noticiasdelparana.com.ar\/NuevaEdicion\/wp-json\/wp\/v2\/categories?post=383080"},{"taxonomy":"post_tag","embeddable":true,"href":"http:\/\/www.noticiasdelparana.com.ar\/NuevaEdicion\/wp-json\/wp\/v2\/tags?post=383080"}],"curies":[{"name":"wp","href":"https:\/\/api.w.org\/{rel}","templated":true}]}}