{"id":383086,"date":"2026-09-06T09:35:27","date_gmt":"2026-09-06T12:35:27","guid":{"rendered":"http:\/\/www.noticiasdelparana.com.ar\/NuevaEdicion\/?p=383086"},"modified":"2026-09-06T09:35:33","modified_gmt":"2026-09-06T12:35:33","slug":"corrientes-por-el-vencimiento-de-un-decreto-advierten-que-120-mil-empleos-en-el-campo-estan-en-riesgo","status":"publish","type":"post","link":"http:\/\/www.noticiasdelparana.com.ar\/NuevaEdicion\/2026\/09\/06\/corrientes-por-el-vencimiento-de-un-decreto-advierten-que-120-mil-empleos-en-el-campo-estan-en-riesgo\/","title":{"rendered":"CORRIENTES: Por El Vencimiento De Un Decreto Advierten Que 120 Mil Empleos En El Campo Est\u00e1n En Riesgo"},"content":{"rendered":"\n<p>La Uni\u00f3n Argentina de Trabajadores Rurales y Estibadores (Uatre) advirti\u00f3 sobre el vencimiento de un decreto que incentiva a los trabajadores rurales a ingresar al mercado formal. La norma, que caduc\u00f3 el 1\u00b0 de septiembre, involucra unos 120.000 puestos. &#8220;Hasta el momento, el Gobierno nacional no ha respondido ni ha dispuesto su extensi\u00f3n&#8221;, aseguraron.<\/p>\n\n\n\n<p>Seg\u00fan comunic\u00f3 el sindicato, el secretario general Jos\u00e9 Voytenco emiti\u00f3 un reclamo formal la ministra de Capital Humano, Sandra Pettovello, solicitando de manera urgente la pr\u00f3rroga del Decreto 514\/2021, que establece un r\u00e9gimen de compatibilidad entre el trabajo rural registrado temporario o permanente discontinuo con asignaciones sociales, como la Asignaci\u00f3n Universal por Hijo, el Potenciar Trabajo y otros programas sociales o de empleabilidad dispuestos por provincias y municipios.<\/p>\n\n\n\n<p>El decreto se emiti\u00f3 en el 2021 y pretend\u00eda mantener en el \u00e1mbito formal a trabajadores rurales estacionales, que se vuelven sustanciales en econom\u00edas regionales que precisan mano de obra intensiva, como la fruticultura, la vitivinicultura, la zafra azucarera y la cosecha de tabaco. Se estima que esta modalidad representa cerca del 70% del empleo rural.<\/p>\n\n\n\n<p>Comunicado de la Uatre<\/p>\n\n\n\n<p>El comunicado emitido por la Uatre plantea que &#8220;la experiencia de los \u00faltimos a\u00f1os demostr\u00f3 que este mecanismo es fundamental: permite que el trabajador rural acceda a un empleo registrado durante las campa\u00f1as agr\u00edcolas sin perder autom\u00e1ticamente la red de contenci\u00f3n de la que depende su grupo familiar&#8221;. &#8220;Su discontinuidad genera el efecto contrario al que se busca: desalienta la formalizaci\u00f3n, dificulta la cobertura de trabajo local y afecta directamente a las econom\u00edas regionales&#8221;, contin\u00faa.<\/p>\n\n\n\n<p>&#8220;La Uatre denuncia la negligencia del Estado al no considerar el impacto de esta decisi\u00f3n sobre toda la cadena productiva: los trabajadores y sus familias, los empleadores del sector agropecuario y la producci\u00f3n general. Las pol\u00edticas sociales no deben convertirse en una barrera para el acceso al trabajo registrado, sino en una herramienta que acompa\u00f1e la transici\u00f3n hacia el empleo formal y brinde previsibilidad a trabajadores, productores y comunidades&#8221;, sostuvo el gremio.<\/p>\n\n\n\n<p>En su comunicado, finalmente plantearon que &#8220;la promoci\u00f3n del trabajo registrado y la protecci\u00f3n social de los trabajadores rurales contribuyen al fortalecimiento de las econom\u00edas regionales, al desarrollo de sus capacidades productivas y exportadoras, y a la sostenibilidad de las pr\u00f3ximas campa\u00f1as agr\u00edcolas&#8221;.<\/p>\n","protected":false},"excerpt":{"rendered":"<p>06-Sep-26 Se trata del Decreto 514\/2021, que permit\u00eda compatibilizar el trabajo rural registrado con las asignaciones sociales. Piden al Ministerio de Capital Humano una extensi\u00f3n.<\/p>\n","protected":false},"author":3,"featured_media":383087,"comment_status":"closed","ping_status":"closed","sticky":false,"template":"","format":"standard","meta":[],"categories":[139],"tags":[],"_links":{"self":[{"href":"http:\/\/www.noticiasdelparana.com.ar\/NuevaEdicion\/wp-json\/wp\/v2\/posts\/383086"}],"collection":[{"href":"http:\/\/www.noticiasdelparana.com.ar\/NuevaEdicion\/wp-json\/wp\/v2\/posts"}],"about":[{"href":"http:\/\/www.noticiasdelparana.com.ar\/NuevaEdicion\/wp-json\/wp\/v2\/types\/post"}],"author":[{"embeddable":true,"href":"http:\/\/www.noticiasdelparana.com.ar\/NuevaEdicion\/wp-json\/wp\/v2\/users\/3"}],"replies":[{"embeddable":true,"href":"http:\/\/www.noticiasdelparana.com.ar\/NuevaEdicion\/wp-json\/wp\/v2\/comments?post=383086"}],"version-history":[{"count":1,"href":"http:\/\/www.noticiasdelparana.com.ar\/NuevaEdicion\/wp-json\/wp\/v2\/posts\/383086\/revisions"}],"predecessor-version":[{"id":383088,"href":"http:\/\/www.noticiasdelparana.com.ar\/NuevaEdicion\/wp-json\/wp\/v2\/posts\/383086\/revisions\/383088"}],"wp:featuredmedia":[{"embeddable":true,"href":"http:\/\/www.noticiasdelparana.com.ar\/NuevaEdicion\/wp-json\/wp\/v2\/media\/383087"}],"wp:attachment":[{"href":"http:\/\/www.noticiasdelparana.com.ar\/NuevaEdicion\/wp-json\/wp\/v2\/media?parent=383086"}],"wp:term":[{"taxonomy":"category","embeddable":true,"href":"http:\/\/www.noticiasdelparana.com.ar\/NuevaEdicion\/wp-json\/wp\/v2\/categories?post=383086"},{"taxonomy":"post_tag","embeddable":true,"href":"http:\/\/www.noticiasdelparana.com.ar\/NuevaEdicion\/wp-json\/wp\/v2\/tags?post=383086"}],"curies":[{"name":"wp","href":"https:\/\/api.w.org\/{rel}","templated":true}]}}