{"id":383089,"date":"2026-09-06T09:38:46","date_gmt":"2026-09-06T12:38:46","guid":{"rendered":"http:\/\/www.noticiasdelparana.com.ar\/NuevaEdicion\/?p=383089"},"modified":"2026-09-06T09:38:51","modified_gmt":"2026-09-06T12:38:51","slug":"corrientes-la-provincia-conecto-escuelas-rurales-con-starlink-y-espera-nuevos-equipos-de-nacion","status":"publish","type":"post","link":"http:\/\/www.noticiasdelparana.com.ar\/NuevaEdicion\/2026\/09\/06\/corrientes-la-provincia-conecto-escuelas-rurales-con-starlink-y-espera-nuevos-equipos-de-nacion\/","title":{"rendered":"CORRIENTES: La Provincia Conect\u00f3 Escuelas Rurales Con Starlink Y Espera Nuevos Equipos De Naci\u00f3n"},"content":{"rendered":"\n<p>Corrientes ya comenz\u00f3 a utilizar Starlink para mejorar la conectividad de escuelas rurales, especialmente en establecimientos donde las alternativas tradicionales de acceso a internet presentan dificultades. Sin embargo, la provincia busca ahora aprovechar el nuevo programa anunciado por el Gobierno nacional para incorporar m\u00e1s equipos y avanzar en el reemplazo de sistemas de conexi\u00f3n que quedaron limitados frente a las nuevas necesidades.<\/p>\n\n\n\n<p>El subsecretario de Infraestructura Escolar de Corrientes, Emilio Breard, explic\u00f3 a El Litoral: \u201cHasta ahora todas las antenas las pag\u00f3 la provincia, ya se instalaron en todas las escuelas\u201d.<\/p>\n\n\n\n<p>\u201cSe anunci\u00f3 desde Naci\u00f3n un plan nuevo, hemos solicitado para sustituir sistemas, y hasta ahora no hemos obtenido respuesta\u201d, indic\u00f3 Breard a este medio.&nbsp;<\/p>\n\n\n\n<p>Seg\u00fan detall\u00f3, el pedido de Corrientes apunta espec\u00edficamente a obtener equipos de Starlink para \u201csustituir los sistemas punto a punto que tenemos\u201d, una tecnolog\u00eda utilizada para llevar internet a establecimientos donde no existe una conexi\u00f3n convencional disponible.<\/p>\n\n\n\n<p>Sobre el nuevo programa nacional&nbsp;<\/p>\n\n\n\n<p>El pedido correntino se da en el marco del programa \u201cConectividad Satelital en Establecimientos Educativos de Gesti\u00f3n P\u00fablica de la Rep\u00fablica Argentina\u201d, que contempla la entrega de kits de alta velocidad a escuelas que actualmente no cuentan con internet o tienen una calidad de conexi\u00f3n insuficiente.&nbsp;<\/p>\n\n\n\n<p>La iniciativa, cuya resoluci\u00f3n fue publicada el pasado mi\u00e9rcoles en el Bolet\u00edn Oficial, prev\u00e9 el equivalente a 6.000 equipos Starlink y el pago de los primeros 24 meses del servicio para los establecimientos alcanzados.<\/p>\n\n\n\n<p>El esquema nacional combina dos estrategias: la expansi\u00f3n de la fibra \u00f3ptica y la conexi\u00f3n satelital mediante Starlink, especialmente pensada para zonas rurales o de dif\u00edcil acceso. El programa tiene un costo total de USD 21,876 millones. En este caso, Starlink aporta los equipos y los dos primeros a\u00f1os de servicio, mientras que el Estado argentino, a trav\u00e9s de fondos p\u00fablicos administrados por el Enacom, afronta la instalaci\u00f3n, el soporte t\u00e9cnico y un tercer a\u00f1o completo de conectividad.<\/p>\n\n\n\n<p>Conectividad en las escuelas&nbsp;<\/p>\n\n\n\n<p>El a\u00f1o pasado y parte de este 2026, uno de los principales desaf\u00edos en Corrientes pas\u00f3 por la llegada de los nuevos equipos. Breard explic\u00f3 que los kits satelitales provienen del exterior y que ese era uno de los principales motivos de la demora.&nbsp;<\/p>\n\n\n\n<p>El antecedente provincial muestra que Corrientes ya ven\u00eda avanzando en este camino. En abril de 2025, TelCo hab\u00eda informado que 32 municipios y unas 1.500 escuelas ya estaban conectados, mientras que adem\u00e1s se hab\u00eda firmado un convenio con Arsat para intercambiar infraestructura de fibra \u00f3ptica y ampliar el alcance de la red.<\/p>\n\n\n\n<p>Ahora, con el nuevo programa nacional, la Provincia pretende dar un paso m\u00e1s: reemplazar sistemas de conexi\u00f3n existentes por tecnolog\u00eda satelital de mayor velocidad y alcance, especialmente en aquellos establecimientos donde llevar fibra \u00f3ptica contin\u00faa siendo complejo o costoso. La inc\u00f3gnita es cu\u00e1ndo llegar\u00e1n los equipos solicitados y cu\u00e1ntas escuelas rurales correntinas podr\u00e1n incorporarse al esquema.<\/p>\n","protected":false},"excerpt":{"rendered":"<p>06-Sep-26 Ante el nuevo programa nacional, la provincia solicit\u00f3 equipos para reemplazar sistemas que ya utiliza.<\/p>\n","protected":false},"author":3,"featured_media":383090,"comment_status":"closed","ping_status":"closed","sticky":false,"template":"","format":"standard","meta":[],"categories":[139],"tags":[],"_links":{"self":[{"href":"http:\/\/www.noticiasdelparana.com.ar\/NuevaEdicion\/wp-json\/wp\/v2\/posts\/383089"}],"collection":[{"href":"http:\/\/www.noticiasdelparana.com.ar\/NuevaEdicion\/wp-json\/wp\/v2\/posts"}],"about":[{"href":"http:\/\/www.noticiasdelparana.com.ar\/NuevaEdicion\/wp-json\/wp\/v2\/types\/post"}],"author":[{"embeddable":true,"href":"http:\/\/www.noticiasdelparana.com.ar\/NuevaEdicion\/wp-json\/wp\/v2\/users\/3"}],"replies":[{"embeddable":true,"href":"http:\/\/www.noticiasdelparana.com.ar\/NuevaEdicion\/wp-json\/wp\/v2\/comments?post=383089"}],"version-history":[{"count":1,"href":"http:\/\/www.noticiasdelparana.com.ar\/NuevaEdicion\/wp-json\/wp\/v2\/posts\/383089\/revisions"}],"predecessor-version":[{"id":383091,"href":"http:\/\/www.noticiasdelparana.com.ar\/NuevaEdicion\/wp-json\/wp\/v2\/posts\/383089\/revisions\/383091"}],"wp:featuredmedia":[{"embeddable":true,"href":"http:\/\/www.noticiasdelparana.com.ar\/NuevaEdicion\/wp-json\/wp\/v2\/media\/383090"}],"wp:attachment":[{"href":"http:\/\/www.noticiasdelparana.com.ar\/NuevaEdicion\/wp-json\/wp\/v2\/media?parent=383089"}],"wp:term":[{"taxonomy":"category","embeddable":true,"href":"http:\/\/www.noticiasdelparana.com.ar\/NuevaEdicion\/wp-json\/wp\/v2\/categories?post=383089"},{"taxonomy":"post_tag","embeddable":true,"href":"http:\/\/www.noticiasdelparana.com.ar\/NuevaEdicion\/wp-json\/wp\/v2\/tags?post=383089"}],"curies":[{"name":"wp","href":"https:\/\/api.w.org\/{rel}","templated":true}]}}