{"id":383093,"date":"2026-09-06T10:31:44","date_gmt":"2026-09-06T13:31:44","guid":{"rendered":"http:\/\/www.noticiasdelparana.com.ar\/NuevaEdicion\/?p=383093"},"modified":"2026-09-06T10:31:50","modified_gmt":"2026-09-06T13:31:50","slug":"las-brenas-tres-personas-involucradas-en-siniestro-vial","status":"publish","type":"post","link":"http:\/\/www.noticiasdelparana.com.ar\/NuevaEdicion\/2026\/09\/06\/las-brenas-tres-personas-involucradas-en-siniestro-vial\/","title":{"rendered":"LAS BRE\u00d1AS: Tres Personas Involucradas En Siniestro Vial"},"content":{"rendered":"\n<p>Tras el impacto, las tres personas involucradas fueron trasladadas al hospital. Dos j\u00f3venes, de 18 y 32 a\u00f1os, presentaron lesiones leves.<\/p>\n\n\n\n<p>&nbsp;&nbsp;En el lugar trabajaron efectivos de la Comisar\u00eda Las Bre\u00f1as y personal de Criminal\u00edstica de Charata, con intervenci\u00f3n de la Fiscal\u00eda N.\u00ba 1 de Charata.<\/p>\n","protected":false},"excerpt":{"rendered":"<p>06-Sep-26 Un autom\u00f3vil Ford EcoSport y una motocicleta Corven Energy 110 cc protagonizaron un siniestro vial durante la madrugada de este domingo, en la esquina de Moreno y Brasil, en Las Bre\u00f1as.<\/p>\n","protected":false},"author":3,"featured_media":383094,"comment_status":"closed","ping_status":"closed","sticky":false,"template":"","format":"standard","meta":[],"categories":[103],"tags":[],"_links":{"self":[{"href":"http:\/\/www.noticiasdelparana.com.ar\/NuevaEdicion\/wp-json\/wp\/v2\/posts\/383093"}],"collection":[{"href":"http:\/\/www.noticiasdelparana.com.ar\/NuevaEdicion\/wp-json\/wp\/v2\/posts"}],"about":[{"href":"http:\/\/www.noticiasdelparana.com.ar\/NuevaEdicion\/wp-json\/wp\/v2\/types\/post"}],"author":[{"embeddable":true,"href":"http:\/\/www.noticiasdelparana.com.ar\/NuevaEdicion\/wp-json\/wp\/v2\/users\/3"}],"replies":[{"embeddable":true,"href":"http:\/\/www.noticiasdelparana.com.ar\/NuevaEdicion\/wp-json\/wp\/v2\/comments?post=383093"}],"version-history":[{"count":1,"href":"http:\/\/www.noticiasdelparana.com.ar\/NuevaEdicion\/wp-json\/wp\/v2\/posts\/383093\/revisions"}],"predecessor-version":[{"id":383095,"href":"http:\/\/www.noticiasdelparana.com.ar\/NuevaEdicion\/wp-json\/wp\/v2\/posts\/383093\/revisions\/383095"}],"wp:featuredmedia":[{"embeddable":true,"href":"http:\/\/www.noticiasdelparana.com.ar\/NuevaEdicion\/wp-json\/wp\/v2\/media\/383094"}],"wp:attachment":[{"href":"http:\/\/www.noticiasdelparana.com.ar\/NuevaEdicion\/wp-json\/wp\/v2\/media?parent=383093"}],"wp:term":[{"taxonomy":"category","embeddable":true,"href":"http:\/\/www.noticiasdelparana.com.ar\/NuevaEdicion\/wp-json\/wp\/v2\/categories?post=383093"},{"taxonomy":"post_tag","embeddable":true,"href":"http:\/\/www.noticiasdelparana.com.ar\/NuevaEdicion\/wp-json\/wp\/v2\/tags?post=383093"}],"curies":[{"name":"wp","href":"https:\/\/api.w.org\/{rel}","templated":true}]}}