{"id":383096,"date":"2026-09-06T10:54:41","date_gmt":"2026-09-06T13:54:41","guid":{"rendered":"http:\/\/www.noticiasdelparana.com.ar\/NuevaEdicion\/?p=383096"},"modified":"2026-09-06T10:54:45","modified_gmt":"2026-09-06T13:54:45","slug":"puerto-vilelas-intervienen-en-el-parque-urbano-guemes-para-preservar-la-convivencia-y-el-uso-responsable-del-espacio-publico","status":"publish","type":"post","link":"http:\/\/www.noticiasdelparana.com.ar\/NuevaEdicion\/2026\/09\/06\/puerto-vilelas-intervienen-en-el-parque-urbano-guemes-para-preservar-la-convivencia-y-el-uso-responsable-del-espacio-publico\/","title":{"rendered":"PUERTO VILELAS: Intervienen En El Parque Urbano G\u00fcemes Para Preservar La Convivencia Y El Uso Responsable Del Espacio P\u00fablico"},"content":{"rendered":"\n<p>Personal de la Guardia Urbana Municipal de Puerto Vilelas intervino durante un operativo preventivo en el Parque Urbano G\u00fcemes, donde detect\u00f3 a un grupo de personas consumiendo bebidas alcoh\u00f3licas y reproduciendo m\u00fasica a elevado volumen, una situaci\u00f3n que generaba molestias en el sector.<\/p>\n\n\n\n<p>El hecho fue advertido durante las recorridas habituales de prevenci\u00f3n y tambi\u00e9n qued\u00f3 registrado a trav\u00e9s de las c\u00e1maras del Centro de Monitoreo, que permitieron realizar un seguimiento en tiempo real de lo ocurrido.<\/p>\n\n\n\n<p>Ante esta situaci\u00f3n, se dio intervenci\u00f3n a la Polic\u00eda local y se solicit\u00f3 a las personas involucradas que se retiraran del lugar, con el objetivo de preservar la tranquilidad del espacio p\u00fablico y garantizar la convivencia entre los vecinos.<\/p>\n\n\n\n<p>Desde el municipio recordaron que los parques, plazas y espacios recreativos fueron dise\u00f1ados para el encuentro familiar, la recreaci\u00f3n y el disfrute de toda la comunidad. Asimismo, se\u00f1alaron que el consumo de alcohol en la v\u00eda p\u00fablica y los ruidos molestos afectan el descanso de los vecinos y alteran la convivencia ciudadana.<\/p>\n\n\n\n<p>Las autoridades destacaron la importancia del respeto mutuo y del uso responsable de los espacios comunes, remarcando que la construcci\u00f3n de una comunidad m\u00e1s ordenada y segura requiere del compromiso de todos los ciudadanos.<\/p>\n\n\n\n<p>En ese sentido, instaron a los vecinos a colaborar con el cuidado de los espacios p\u00fablicos y a promover conductas que favorezcan la convivencia, el respeto y la tranquilidad en cada sector de la ciudad.<\/p>\n","protected":false},"excerpt":{"rendered":"<p>06-Sep-26  Dispersaron a un grupo de personas consumiendo bebidas alcoh\u00f3licas y reproduciendo m\u00fasica a elevado volumen, una situaci\u00f3n que generaba molestias en el sector.<\/p>\n","protected":false},"author":3,"featured_media":383097,"comment_status":"closed","ping_status":"closed","sticky":false,"template":"","format":"standard","meta":[],"categories":[101],"tags":[],"_links":{"self":[{"href":"http:\/\/www.noticiasdelparana.com.ar\/NuevaEdicion\/wp-json\/wp\/v2\/posts\/383096"}],"collection":[{"href":"http:\/\/www.noticiasdelparana.com.ar\/NuevaEdicion\/wp-json\/wp\/v2\/posts"}],"about":[{"href":"http:\/\/www.noticiasdelparana.com.ar\/NuevaEdicion\/wp-json\/wp\/v2\/types\/post"}],"author":[{"embeddable":true,"href":"http:\/\/www.noticiasdelparana.com.ar\/NuevaEdicion\/wp-json\/wp\/v2\/users\/3"}],"replies":[{"embeddable":true,"href":"http:\/\/www.noticiasdelparana.com.ar\/NuevaEdicion\/wp-json\/wp\/v2\/comments?post=383096"}],"version-history":[{"count":1,"href":"http:\/\/www.noticiasdelparana.com.ar\/NuevaEdicion\/wp-json\/wp\/v2\/posts\/383096\/revisions"}],"predecessor-version":[{"id":383098,"href":"http:\/\/www.noticiasdelparana.com.ar\/NuevaEdicion\/wp-json\/wp\/v2\/posts\/383096\/revisions\/383098"}],"wp:featuredmedia":[{"embeddable":true,"href":"http:\/\/www.noticiasdelparana.com.ar\/NuevaEdicion\/wp-json\/wp\/v2\/media\/383097"}],"wp:attachment":[{"href":"http:\/\/www.noticiasdelparana.com.ar\/NuevaEdicion\/wp-json\/wp\/v2\/media?parent=383096"}],"wp:term":[{"taxonomy":"category","embeddable":true,"href":"http:\/\/www.noticiasdelparana.com.ar\/NuevaEdicion\/wp-json\/wp\/v2\/categories?post=383096"},{"taxonomy":"post_tag","embeddable":true,"href":"http:\/\/www.noticiasdelparana.com.ar\/NuevaEdicion\/wp-json\/wp\/v2\/tags?post=383096"}],"curies":[{"name":"wp","href":"https:\/\/api.w.org\/{rel}","templated":true}]}}