{"id":383108,"date":"2026-09-06T17:21:01","date_gmt":"2026-09-06T20:21:01","guid":{"rendered":"http:\/\/www.noticiasdelparana.com.ar\/NuevaEdicion\/?p=383108"},"modified":"2026-09-06T17:21:07","modified_gmt":"2026-09-06T20:21:07","slug":"saenz-pena-secuestraron-una-moto-con-pedido-activo","status":"publish","type":"post","link":"http:\/\/www.noticiasdelparana.com.ar\/NuevaEdicion\/2026\/09\/06\/saenz-pena-secuestraron-una-moto-con-pedido-activo\/","title":{"rendered":"S\u00c1ENZ PE\u00d1A: Secuestraron Una Moto Con Pedido Activo"},"content":{"rendered":"\n<p>En el marco del Operativo \u201cLince\u201d, efectivos de la Comisar\u00eda Segunda realizaban recorridas por el barrio Belgrano cuando observaron a un grupo de motociclistas que, al advertir la presencia policial, emprendi\u00f3 la huida.<\/p>\n\n\n\n<p>Durante el seguimiento, los agentes interceptaron una de las motocicletas y procedieron a verificar sus datos identificatorios. El rodado presentaba numeraciones adulteradas, por lo que se realiz\u00f3 la consulta correspondiente mediante el Padr\u00f3n de Motos Unificado.<\/p>\n\n\n\n<p>El sistema arroj\u00f3 un pedido activo desde el 3 de enero de 2017, solicitado por la Comisar\u00eda Cuarta de S\u00e1enz Pe\u00f1a, en una causa por supuesto hurto.<\/p>\n\n\n\n<p>La motocicleta fue secuestrada y, por disposici\u00f3n de la Fiscal\u00eda interviniente, trasladada a la dependencia policial correspondiente para continuar con las actuaciones legales.<\/p>\n\n\n\n<p>En cuanto al conductor, un adolescente de 17 a\u00f1os, fue entregado a su progenitor conforme a lo dispuesto por el Juzgado de Menor y Familia, previa acreditaci\u00f3n del v\u00ednculo.<\/p>\n","protected":false},"excerpt":{"rendered":"<p>06-Sep-26 El rodado era conducido por un adolescente de 17 a\u00f1os y presentaba irregularidades en sus numeraciones. Al consultar el padr\u00f3n unificado, los agentes constataron que ten\u00eda un pedido activo por una causa de supuesto hurto desde 2017.<br \/>\n&#8230;<\/p>\n","protected":false},"author":3,"featured_media":383109,"comment_status":"closed","ping_status":"closed","sticky":false,"template":"","format":"standard","meta":[],"categories":[103],"tags":[],"_links":{"self":[{"href":"http:\/\/www.noticiasdelparana.com.ar\/NuevaEdicion\/wp-json\/wp\/v2\/posts\/383108"}],"collection":[{"href":"http:\/\/www.noticiasdelparana.com.ar\/NuevaEdicion\/wp-json\/wp\/v2\/posts"}],"about":[{"href":"http:\/\/www.noticiasdelparana.com.ar\/NuevaEdicion\/wp-json\/wp\/v2\/types\/post"}],"author":[{"embeddable":true,"href":"http:\/\/www.noticiasdelparana.com.ar\/NuevaEdicion\/wp-json\/wp\/v2\/users\/3"}],"replies":[{"embeddable":true,"href":"http:\/\/www.noticiasdelparana.com.ar\/NuevaEdicion\/wp-json\/wp\/v2\/comments?post=383108"}],"version-history":[{"count":1,"href":"http:\/\/www.noticiasdelparana.com.ar\/NuevaEdicion\/wp-json\/wp\/v2\/posts\/383108\/revisions"}],"predecessor-version":[{"id":383110,"href":"http:\/\/www.noticiasdelparana.com.ar\/NuevaEdicion\/wp-json\/wp\/v2\/posts\/383108\/revisions\/383110"}],"wp:featuredmedia":[{"embeddable":true,"href":"http:\/\/www.noticiasdelparana.com.ar\/NuevaEdicion\/wp-json\/wp\/v2\/media\/383109"}],"wp:attachment":[{"href":"http:\/\/www.noticiasdelparana.com.ar\/NuevaEdicion\/wp-json\/wp\/v2\/media?parent=383108"}],"wp:term":[{"taxonomy":"category","embeddable":true,"href":"http:\/\/www.noticiasdelparana.com.ar\/NuevaEdicion\/wp-json\/wp\/v2\/categories?post=383108"},{"taxonomy":"post_tag","embeddable":true,"href":"http:\/\/www.noticiasdelparana.com.ar\/NuevaEdicion\/wp-json\/wp\/v2\/tags?post=383108"}],"curies":[{"name":"wp","href":"https:\/\/api.w.org\/{rel}","templated":true}]}}