{"id":383114,"date":"2026-09-06T17:32:36","date_gmt":"2026-09-06T20:32:36","guid":{"rendered":"http:\/\/www.noticiasdelparana.com.ar\/NuevaEdicion\/?p=383114"},"modified":"2026-09-06T17:32:42","modified_gmt":"2026-09-06T20:32:42","slug":"las-brenas-siniestro-vial-entre-una-camioneta-y-un-automovil-en-ruta-89","status":"publish","type":"post","link":"http:\/\/www.noticiasdelparana.com.ar\/NuevaEdicion\/2026\/09\/06\/las-brenas-siniestro-vial-entre-una-camioneta-y-un-automovil-en-ruta-89\/","title":{"rendered":"LAS BRE\u00d1AS: Siniestro Vial Entre Una Camioneta Y Un Autom\u00f3vil En Ruta 89"},"content":{"rendered":"\n<p>Por causas que son materia de investigaci\u00f3n, una Toyota Hilux blanca, conducida por un hombre de 57 a\u00f1os oriundo de Campo Largo, y un Toyota Yaris gris, al mando de un hombre de 43 a\u00f1os domiciliado en Las Bre\u00f1as, protagonizaron el choque.<\/p>\n\n\n\n<p>Ambos conductores resultaron sin lesiones. Intervino la Fiscal\u00eda en turno, que dispuso la participaci\u00f3n de personal de Criminal\u00edstica de Charata para realizar las pericias correspondientes.<\/p>\n","protected":false},"excerpt":{"rendered":"<p>06-Sep-26  Un siniestro vial se registr\u00f3 este domingo por la ma\u00f1ana, alrededor de las 9:20, sobre la Ruta Nacional 89, en el tramo que une Las Bre\u00f1as con Charata.<\/p>\n","protected":false},"author":3,"featured_media":383115,"comment_status":"closed","ping_status":"closed","sticky":false,"template":"","format":"standard","meta":[],"categories":[103],"tags":[],"_links":{"self":[{"href":"http:\/\/www.noticiasdelparana.com.ar\/NuevaEdicion\/wp-json\/wp\/v2\/posts\/383114"}],"collection":[{"href":"http:\/\/www.noticiasdelparana.com.ar\/NuevaEdicion\/wp-json\/wp\/v2\/posts"}],"about":[{"href":"http:\/\/www.noticiasdelparana.com.ar\/NuevaEdicion\/wp-json\/wp\/v2\/types\/post"}],"author":[{"embeddable":true,"href":"http:\/\/www.noticiasdelparana.com.ar\/NuevaEdicion\/wp-json\/wp\/v2\/users\/3"}],"replies":[{"embeddable":true,"href":"http:\/\/www.noticiasdelparana.com.ar\/NuevaEdicion\/wp-json\/wp\/v2\/comments?post=383114"}],"version-history":[{"count":1,"href":"http:\/\/www.noticiasdelparana.com.ar\/NuevaEdicion\/wp-json\/wp\/v2\/posts\/383114\/revisions"}],"predecessor-version":[{"id":383116,"href":"http:\/\/www.noticiasdelparana.com.ar\/NuevaEdicion\/wp-json\/wp\/v2\/posts\/383114\/revisions\/383116"}],"wp:featuredmedia":[{"embeddable":true,"href":"http:\/\/www.noticiasdelparana.com.ar\/NuevaEdicion\/wp-json\/wp\/v2\/media\/383115"}],"wp:attachment":[{"href":"http:\/\/www.noticiasdelparana.com.ar\/NuevaEdicion\/wp-json\/wp\/v2\/media?parent=383114"}],"wp:term":[{"taxonomy":"category","embeddable":true,"href":"http:\/\/www.noticiasdelparana.com.ar\/NuevaEdicion\/wp-json\/wp\/v2\/categories?post=383114"},{"taxonomy":"post_tag","embeddable":true,"href":"http:\/\/www.noticiasdelparana.com.ar\/NuevaEdicion\/wp-json\/wp\/v2\/tags?post=383114"}],"curies":[{"name":"wp","href":"https:\/\/api.w.org\/{rel}","templated":true}]}}