{"id":383117,"date":"2026-09-06T17:38:28","date_gmt":"2026-09-06T20:38:28","guid":{"rendered":"http:\/\/www.noticiasdelparana.com.ar\/NuevaEdicion\/?p=383117"},"modified":"2026-09-06T17:38:33","modified_gmt":"2026-09-06T20:38:33","slug":"barranqueras-detuvieron-a-un-hombre-acusado-de-vender-cocaina-por-delivery","status":"publish","type":"post","link":"http:\/\/www.noticiasdelparana.com.ar\/NuevaEdicion\/2026\/09\/06\/barranqueras-detuvieron-a-un-hombre-acusado-de-vender-cocaina-por-delivery\/","title":{"rendered":"BARRANQUERAS: Detuvieron A Un Hombre Acusado De Vender Coca\u00edna Por \u201cDelivery\u201d"},"content":{"rendered":"\n<p>&nbsp;&nbsp;Seg\u00fan la Polic\u00eda, el sospechoso se movilizaba en una motocicleta de 110 cc y presuntamente realizaba entregas de droga. Al ser interceptado, los agentes secuestraron 86 envoltorios con coca\u00edna, con un peso total aproximado de 16 gramos.<\/p>\n\n\n\n<p>&nbsp;&nbsp;Adem\u00e1s, incautaron un tel\u00e9fono celular y la motocicleta utilizada. La Fiscal\u00eda Antidrogas N\u00b01 dispuso su aprehensi\u00f3n y el secuestro de todos los elementos en el marco de una causa por supuesta infracci\u00f3n a la Ley 23.737.<\/p>\n","protected":false},"excerpt":{"rendered":"<p>06-Sep-26    Un hombre de 34 a\u00f1os fue detenido en Barranqueras, acusado de comercializar coca\u00edna bajo la modalidad delivery. El procedimiento fue realizado por la Divisi\u00f3n Microtr\u00e1fico Metropolitana tras una investigaci\u00f3n en la zona del barrio 500 Viviendas.<\/p>\n","protected":false},"author":3,"featured_media":383118,"comment_status":"closed","ping_status":"closed","sticky":false,"template":"","format":"standard","meta":[],"categories":[99,108],"tags":[],"_links":{"self":[{"href":"http:\/\/www.noticiasdelparana.com.ar\/NuevaEdicion\/wp-json\/wp\/v2\/posts\/383117"}],"collection":[{"href":"http:\/\/www.noticiasdelparana.com.ar\/NuevaEdicion\/wp-json\/wp\/v2\/posts"}],"about":[{"href":"http:\/\/www.noticiasdelparana.com.ar\/NuevaEdicion\/wp-json\/wp\/v2\/types\/post"}],"author":[{"embeddable":true,"href":"http:\/\/www.noticiasdelparana.com.ar\/NuevaEdicion\/wp-json\/wp\/v2\/users\/3"}],"replies":[{"embeddable":true,"href":"http:\/\/www.noticiasdelparana.com.ar\/NuevaEdicion\/wp-json\/wp\/v2\/comments?post=383117"}],"version-history":[{"count":1,"href":"http:\/\/www.noticiasdelparana.com.ar\/NuevaEdicion\/wp-json\/wp\/v2\/posts\/383117\/revisions"}],"predecessor-version":[{"id":383119,"href":"http:\/\/www.noticiasdelparana.com.ar\/NuevaEdicion\/wp-json\/wp\/v2\/posts\/383117\/revisions\/383119"}],"wp:featuredmedia":[{"embeddable":true,"href":"http:\/\/www.noticiasdelparana.com.ar\/NuevaEdicion\/wp-json\/wp\/v2\/media\/383118"}],"wp:attachment":[{"href":"http:\/\/www.noticiasdelparana.com.ar\/NuevaEdicion\/wp-json\/wp\/v2\/media?parent=383117"}],"wp:term":[{"taxonomy":"category","embeddable":true,"href":"http:\/\/www.noticiasdelparana.com.ar\/NuevaEdicion\/wp-json\/wp\/v2\/categories?post=383117"},{"taxonomy":"post_tag","embeddable":true,"href":"http:\/\/www.noticiasdelparana.com.ar\/NuevaEdicion\/wp-json\/wp\/v2\/tags?post=383117"}],"curies":[{"name":"wp","href":"https:\/\/api.w.org\/{rel}","templated":true}]}}