{"id":383120,"date":"2026-09-06T17:44:59","date_gmt":"2026-09-06T20:44:59","guid":{"rendered":"http:\/\/www.noticiasdelparana.com.ar\/NuevaEdicion\/?p=383120"},"modified":"2026-09-06T17:45:10","modified_gmt":"2026-09-06T20:45:10","slug":"resistencia-gran-convocatoria-de-las-colectividades-en-el-parque-2-de-febrero","status":"publish","type":"post","link":"http:\/\/www.noticiasdelparana.com.ar\/NuevaEdicion\/2026\/09\/06\/resistencia-gran-convocatoria-de-las-colectividades-en-el-parque-2-de-febrero\/","title":{"rendered":"RESISTENCIA: Gran Convocatoria De Las Colectividades En El Parque \u201c2 De Febrero\u201d"},"content":{"rendered":"\n<p>&nbsp;Hoy domingo&nbsp; hasta las 22 horas, habr\u00e1 nuevos espect\u00e1culos musicales con recitales y danzas, feria de emprendedores y comidas t\u00edpicas.&nbsp;<\/p>\n\n\n\n<p>Manuel Flores, presidente de la Uni\u00f3n de Colectividades del Chaco, se refiri\u00f3 al respecto: \u201cEl 4 de septiembre fue el D\u00eda del Inmigrante y con ese motivo nos reunimos anualmente para mostrar todo su esplendor, con comidas t\u00edpicas de diferentes pa\u00edses del mundo, danzas, demostraciones deportivas, con trajes t\u00edpicos hermosos, mostrando nuestras reinas y&nbsp; nuestras culturas\u201d.<\/p>\n\n\n\n<p>\u201cEste a\u00f1o hay 32 colectividades presentes y realmente estamos muy contentos porque recibimos visitas del interior del Chaco,&nbsp; de la provincia de Corrientes y tambi\u00e9n del Paraguay\u201d, se\u00f1al\u00f3 y agreg\u00f3: \u201cLo importante&nbsp; es trabajar con las instituciones como&nbsp; el municipio, para organizar semejante evento, es fundamental que nos apoye como lo est\u00e1 haciendo\u201d.<\/p>\n\n\n\n<p>Aneska Sodja es embajadora cultural nacional e internacional de UCADE, (Uni\u00f3n de Colectividades Argentinas para el Desarrollo Educativo\u201d y Miss Cultura de la Fiesta Provincial del Inmigrante, y estuvo presente en la fiesta chaque\u00f1a.<\/p>\n\n\n\n<p>\u201cEsta banda lleva el legado de todas las familias que hicieron posible la construcci\u00f3n de la provincia, son las tradiciones, la identidad de cada una de las colectividades que conforma tambi\u00e9n la Uni\u00f3n de Colectividades y la Argentina. Tiene el peso de todas las tradiciones, vivencias, experiencias, de cada una de esas personas que puso un granito de suyo para construir nuestro pa\u00eds\u201d.<\/p>\n\n\n\n<p>Desde la Coordinaci\u00f3n Ejecutiva municipal indicaron que&nbsp; est\u00e1n cumpliendo las instrucciones del intendente Roy Nikisch de dar apoyo log\u00edstico a todo evento cultural o social que tenga la ciudad en un fin de semana.&nbsp;<\/p>\n\n\n\n<p>Destac\u00f3 el trabajo eficiente del personal de Limpieza, de Obras y Servicios,&nbsp; Electromec\u00e1nica,&nbsp; Turismo, de Comunicaci\u00f3n, \u201cdando el soporte log\u00edstico que corresponde a todos estos eventos culturales que tiene nuestra ciudad\u201d.<\/p>\n","protected":false},"excerpt":{"rendered":"<p>06-Sep-26     Con el apoyo de la Municipalidad de Resistencia, se realiz\u00f3 la vig\u00e9simo segunda edici\u00f3n de la Fiesta de las Colectividades y  tercera comunal de los Inmigrantes, teniendo al Parque Urbano \u201c2 de Febrero\u201d como epicentro de una serie de actividades que convocaron a centenares de visitantes.<\/p>\n","protected":false},"author":3,"featured_media":383121,"comment_status":"closed","ping_status":"closed","sticky":false,"template":"","format":"standard","meta":[],"categories":[102],"tags":[],"_links":{"self":[{"href":"http:\/\/www.noticiasdelparana.com.ar\/NuevaEdicion\/wp-json\/wp\/v2\/posts\/383120"}],"collection":[{"href":"http:\/\/www.noticiasdelparana.com.ar\/NuevaEdicion\/wp-json\/wp\/v2\/posts"}],"about":[{"href":"http:\/\/www.noticiasdelparana.com.ar\/NuevaEdicion\/wp-json\/wp\/v2\/types\/post"}],"author":[{"embeddable":true,"href":"http:\/\/www.noticiasdelparana.com.ar\/NuevaEdicion\/wp-json\/wp\/v2\/users\/3"}],"replies":[{"embeddable":true,"href":"http:\/\/www.noticiasdelparana.com.ar\/NuevaEdicion\/wp-json\/wp\/v2\/comments?post=383120"}],"version-history":[{"count":1,"href":"http:\/\/www.noticiasdelparana.com.ar\/NuevaEdicion\/wp-json\/wp\/v2\/posts\/383120\/revisions"}],"predecessor-version":[{"id":383122,"href":"http:\/\/www.noticiasdelparana.com.ar\/NuevaEdicion\/wp-json\/wp\/v2\/posts\/383120\/revisions\/383122"}],"wp:featuredmedia":[{"embeddable":true,"href":"http:\/\/www.noticiasdelparana.com.ar\/NuevaEdicion\/wp-json\/wp\/v2\/media\/383121"}],"wp:attachment":[{"href":"http:\/\/www.noticiasdelparana.com.ar\/NuevaEdicion\/wp-json\/wp\/v2\/media?parent=383120"}],"wp:term":[{"taxonomy":"category","embeddable":true,"href":"http:\/\/www.noticiasdelparana.com.ar\/NuevaEdicion\/wp-json\/wp\/v2\/categories?post=383120"},{"taxonomy":"post_tag","embeddable":true,"href":"http:\/\/www.noticiasdelparana.com.ar\/NuevaEdicion\/wp-json\/wp\/v2\/tags?post=383120"}],"curies":[{"name":"wp","href":"https:\/\/api.w.org\/{rel}","templated":true}]}}