{"id":46249,"date":"2020-11-19T17:56:33","date_gmt":"2020-11-19T20:56:33","guid":{"rendered":"http:\/\/www.noticiasdelparana.com.ar\/NuevaEdicion\/?p=46249"},"modified":"2020-11-19T17:57:50","modified_gmt":"2020-11-19T20:57:50","slug":"puerto-vilelas-rea-apunta-a-reactivar-la-obra-de-pavimentacion-de-la-juan-manuel-de-rosas","status":"publish","type":"post","link":"http:\/\/www.noticiasdelparana.com.ar\/NuevaEdicion\/2020\/11\/19\/puerto-vilelas-rea-apunta-a-reactivar-la-obra-de-pavimentacion-de-la-juan-manuel-de-rosas\/","title":{"rendered":"PUERTO VILELAS: Rea Apunta A Reactivar La Obra De Pavimentaci\u00f3n De La Juan Manuel De Rosas"},"content":{"rendered":"\n<figure class=\"wp-block-image\"><img src=\"http:\/\/www.noticiasdelparana.com.ar\/NuevaEdicion\/wp-content\/uploads\/2020\/11\/recorridos-obras-rea.jpg\" alt=\"\" class=\"wp-image-46254\"\/><\/figure>\n\n\n\n<p>\u00a0\u00a0Este jueves el Intendente Prof. V\u00edctor Rea visit\u00f3 la obra de pavimentaci\u00f3n de la calle Juan Manuel de Rosas, con el objetivo de trabajar en la reactivaci\u00f3n de la misma. Estuvo acompa\u00f1ado por el Sec. de Gobierno Guillermo Soria y el Sec. de Obras P\u00fablicas Javier Gonz\u00e1lez. Esta obra beneficiar\u00eda a los Barrios Lote 23, Obrero, 50 viviendas y el Palmarcito. Agradecen la buena predisposici\u00f3n de los vecinos de la zona.<\/p>\n","protected":false},"excerpt":{"rendered":"<p>19-Nov-20  Durante su recorrido, realizado esta ma\u00f1ana, tom\u00f3 contacto con los vecinos de la zona.<\/p>\n","protected":false},"author":3,"featured_media":0,"comment_status":"open","ping_status":"open","sticky":false,"template":"","format":"standard","meta":[],"categories":[108,101],"tags":[],"_links":{"self":[{"href":"http:\/\/www.noticiasdelparana.com.ar\/NuevaEdicion\/wp-json\/wp\/v2\/posts\/46249"}],"collection":[{"href":"http:\/\/www.noticiasdelparana.com.ar\/NuevaEdicion\/wp-json\/wp\/v2\/posts"}],"about":[{"href":"http:\/\/www.noticiasdelparana.com.ar\/NuevaEdicion\/wp-json\/wp\/v2\/types\/post"}],"author":[{"embeddable":true,"href":"http:\/\/www.noticiasdelparana.com.ar\/NuevaEdicion\/wp-json\/wp\/v2\/users\/3"}],"replies":[{"embeddable":true,"href":"http:\/\/www.noticiasdelparana.com.ar\/NuevaEdicion\/wp-json\/wp\/v2\/comments?post=46249"}],"version-history":[{"count":1,"href":"http:\/\/www.noticiasdelparana.com.ar\/NuevaEdicion\/wp-json\/wp\/v2\/posts\/46249\/revisions"}],"predecessor-version":[{"id":46255,"href":"http:\/\/www.noticiasdelparana.com.ar\/NuevaEdicion\/wp-json\/wp\/v2\/posts\/46249\/revisions\/46255"}],"wp:attachment":[{"href":"http:\/\/www.noticiasdelparana.com.ar\/NuevaEdicion\/wp-json\/wp\/v2\/media?parent=46249"}],"wp:term":[{"taxonomy":"category","embeddable":true,"href":"http:\/\/www.noticiasdelparana.com.ar\/NuevaEdicion\/wp-json\/wp\/v2\/categories?post=46249"},{"taxonomy":"post_tag","embeddable":true,"href":"http:\/\/www.noticiasdelparana.com.ar\/NuevaEdicion\/wp-json\/wp\/v2\/tags?post=46249"}],"curies":[{"name":"wp","href":"https:\/\/api.w.org\/{rel}","templated":true}]}}