{"id":47481,"date":"2020-11-29T00:16:03","date_gmt":"2020-11-29T03:16:03","guid":{"rendered":"http:\/\/www.noticiasdelparana.com.ar\/NuevaEdicion\/?p=47481"},"modified":"2021-05-14T09:08:27","modified_gmt":"2021-05-14T12:08:27","slug":"puerto-vilelas-se-realizo-la-carga-de-pavimentacion-de-la-juan-manuel-de-rosas","status":"publish","type":"post","link":"http:\/\/www.noticiasdelparana.com.ar\/NuevaEdicion\/2020\/11\/29\/puerto-vilelas-se-realizo-la-carga-de-pavimentacion-de-la-juan-manuel-de-rosas\/","title":{"rendered":"PUERTO VILELAS: Se Realiz\u00f3  La Carga De Pavimentaci\u00f3n De La Juan Manuel De Rosas"},"content":{"rendered":"\n<p>&nbsp;Se realiz\u00f3 la carga de hormig\u00f3n de los primeros 40 metros. Desde la comuna agradecieron a la colaboraci\u00f3n de los vecinos con el personal que d\u00eda a d\u00eda realiza las tareas en la zona.<\/p>\n\n\n\n<figure class=\"wp-block-gallery columns-3 is-cropped\"><ul class=\"blocks-gallery-grid\"><li class=\"blocks-gallery-item\"><figure><img src=\"http:\/\/www.noticiasdelparana.com.ar\/NuevaEdicion\/wp-content\/uploads\/2020\/11\/carga-pavimento-jm-rozas0.jpg\" alt=\"\" data-id=\"47484\" data-link=\"http:\/\/www.noticiasdelparana.com.ar\/NuevaEdicion\/?attachment_id=47484\" class=\"wp-image-47484\"\/><\/figure><\/li><li class=\"blocks-gallery-item\"><figure><img src=\"http:\/\/www.noticiasdelparana.com.ar\/NuevaEdicion\/wp-content\/uploads\/2020\/11\/carga-pavimento-jm-rozas00.jpg\" alt=\"\" data-id=\"47483\" data-link=\"http:\/\/www.noticiasdelparana.com.ar\/NuevaEdicion\/?attachment_id=47483\" class=\"wp-image-47483\"\/><\/figure><\/li><li class=\"blocks-gallery-item\"><figure><img src=\"http:\/\/www.noticiasdelparana.com.ar\/NuevaEdicion\/wp-content\/uploads\/2020\/11\/carga-pavimento-jm-rozas000.jpg\" alt=\"\" data-id=\"47482\" data-link=\"http:\/\/www.noticiasdelparana.com.ar\/NuevaEdicion\/?attachment_id=47482\" class=\"wp-image-47482\"\/><\/figure><\/li><\/ul><\/figure>\n","protected":false},"excerpt":{"rendered":"<p>29-Nov-20   Este s\u00e1bado el Intendente Prof. Victor Rea  junto al Secretario de Obras y Servicios P\u00fablicos Javier Gonz\u00e1lez presenciaron la continuidad de la obra de pavimentaci\u00f3n de la Av. Juan Manuel de Rosas.<\/p>\n","protected":false},"author":3,"featured_media":0,"comment_status":"closed","ping_status":"closed","sticky":false,"template":"","format":"standard","meta":[],"categories":[108,101],"tags":[],"_links":{"self":[{"href":"http:\/\/www.noticiasdelparana.com.ar\/NuevaEdicion\/wp-json\/wp\/v2\/posts\/47481"}],"collection":[{"href":"http:\/\/www.noticiasdelparana.com.ar\/NuevaEdicion\/wp-json\/wp\/v2\/posts"}],"about":[{"href":"http:\/\/www.noticiasdelparana.com.ar\/NuevaEdicion\/wp-json\/wp\/v2\/types\/post"}],"author":[{"embeddable":true,"href":"http:\/\/www.noticiasdelparana.com.ar\/NuevaEdicion\/wp-json\/wp\/v2\/users\/3"}],"replies":[{"embeddable":true,"href":"http:\/\/www.noticiasdelparana.com.ar\/NuevaEdicion\/wp-json\/wp\/v2\/comments?post=47481"}],"version-history":[{"count":2,"href":"http:\/\/www.noticiasdelparana.com.ar\/NuevaEdicion\/wp-json\/wp\/v2\/posts\/47481\/revisions"}],"predecessor-version":[{"id":71540,"href":"http:\/\/www.noticiasdelparana.com.ar\/NuevaEdicion\/wp-json\/wp\/v2\/posts\/47481\/revisions\/71540"}],"wp:attachment":[{"href":"http:\/\/www.noticiasdelparana.com.ar\/NuevaEdicion\/wp-json\/wp\/v2\/media?parent=47481"}],"wp:term":[{"taxonomy":"category","embeddable":true,"href":"http:\/\/www.noticiasdelparana.com.ar\/NuevaEdicion\/wp-json\/wp\/v2\/categories?post=47481"},{"taxonomy":"post_tag","embeddable":true,"href":"http:\/\/www.noticiasdelparana.com.ar\/NuevaEdicion\/wp-json\/wp\/v2\/tags?post=47481"}],"curies":[{"name":"wp","href":"https:\/\/api.w.org\/{rel}","templated":true}]}}