{"id":53013,"date":"2021-01-12T09:03:32","date_gmt":"2021-01-12T12:03:32","guid":{"rendered":"http:\/\/www.noticiasdelparana.com.ar\/NuevaEdicion\/?p=53013"},"modified":"2021-01-12T11:33:29","modified_gmt":"2021-01-12T14:33:29","slug":"colonia-benitez-el-gobernador-inauguro-cuadras-de-pavimento-iluminacion-y-mejoras-en-una-plazoleta","status":"publish","type":"post","link":"http:\/\/www.noticiasdelparana.com.ar\/NuevaEdicion\/2021\/01\/12\/colonia-benitez-el-gobernador-inauguro-cuadras-de-pavimento-iluminacion-y-mejoras-en-una-plazoleta\/","title":{"rendered":"COLONIA BEN\u00cdTEZ: El Gobernador Inaugur\u00f3 Cuadras De Pavimento, Iluminaci\u00f3n Y Mejoras En Una Plazoleta"},"content":{"rendered":"\n<p>En Colonia Ben\u00edtez, el gobernador\nJorge Capitanich, la vicegobernadora Anal\u00eda Rach Quiroga y el intendente Sergio\nPhipps inauguraron ocho cuadras de pavimento urbano e iluminaci\u00f3n LED, y las\nrefacciones de la plazoleta de la localidad. En total, las obras contaron con\nuna inversi\u00f3n de $24.263.269.<\/p>\n\n\n\n<p>\u201cEl pavimento urbano marca el sendero\ndel progreso de una comunidad\u201d valor\u00f3 Capitanich en la oportunidad. Las obras\ncontaron con financiamiento de la Direcci\u00f3n de Vialidad Provincial (DVP).<\/p>\n\n\n\n<p>El gobernador enumer\u00f3 los beneficios\ndel pavimento urbano en la comunidad: \u201creducci\u00f3n de poluci\u00f3n ambiental,\ninfraestructura h\u00eddrica para desag\u00fces, alumbrado p\u00fablico, puede entrar una\nambulancia o un patrullero; se\u00f1alizaci\u00f3n para reducir accidentes viales; y\ntiene la particularidad de incrementar el valor de los bienes inmuebles para\nlos vecinos\u201d.<\/p>\n\n\n\n<p>Adem\u00e1s, ante el reciente crecimiento\nde la construcci\u00f3n de viviendas en la zona, Capitanich record\u00f3 a los vecinos:\n\u201cHay m\u00e1s viviendas y eso implica mayor capacidad contributiva para mantener la\nadministraci\u00f3n de los bienes, no solamente del Estado sino para mejorar la\ncalidad de los servicios municipales\u201d.<\/p>\n\n\n\n<p>Participaron de las inauguraciones el\nministro de Infraestructura, Juan Manuel Carreras; el administrador de la\nDirecci\u00f3n de Vialidad Provincial (DVP) Hugo Varela; el vocal de SECHEEP, Sa\u00fal\nMedero y el intendente de Margarita Bel\u00e9n, Javier Mart\u00ednez.<\/p>\n\n\n\n<figure class=\"wp-block-image\"><img src=\"http:\/\/www.noticiasdelparana.com.ar\/NuevaEdicion\/wp-content\/uploads\/2021\/01\/colonia-benitezz123.jpg\" alt=\"\" class=\"wp-image-53015\"\/><\/figure>\n\n\n\n<p>Pavimento urbano y una plazoleta\nrefaccionada a nuevo<\/p>\n\n\n\n<p>Las obras de pavimento se realizaron\nen cuatro cuadras sobre calle Belgrano, entre avenida 25 de Mayo y avenida\nSarmiento y cuatro cuadras sobre Le\u00f3n Roger, Gonz\u00e1lez, Acosta y avenida\nSarmiento, entre calle Belgrano y avenida Ben\u00edtez. Adem\u00e1s, la obra cuenta con\ndesag\u00fces pluviales.<\/p>\n\n\n\n<p>En materia de iluminaci\u00f3n, se\ncolocaron 36 jirafas con sus respectivas luces LED. Las autoridades tambi\u00e9n\ninauguraron las refacciones de la plazoleta ubicada sobre avenida 9 de Julio y\ncalle Lema. Ambas obras contaron con financiamiento por parte del Ministerio de\nInfraestructura. Se adecuaron las instalaciones el\u00e9ctricas, y de iluminaci\u00f3n,\nse instalaron nuevos juegos infantiles, bancos de madera con estructura de\nacero, cestos de residuos; se incorporaron m\u00e1quinas de ejercicio y se mejor\u00f3 el\nparquizado.<\/p>\n\n\n\n<p>Phipps: Una obra para reordenar el\ntr\u00e1nsito<\/p>\n\n\n\n<p>El intendente de Colonia Ben\u00edtez,\nSergio Phipps, agradeci\u00f3 la presencia de Capitanich y resalt\u00f3 que la obra,\nejecutada sobre una calle paralela a la avenida principal, \u201cviene a\ndescongestionar a reordenar el tr\u00e1nsito en nuestra localidad\u201d.<\/p>\n\n\n\n<p>Phipps tambi\u00e9n resalt\u00f3 la\ninauguraci\u00f3n de la Plazoleta de la Memoria, y record\u00f3 que quedan tres cuadras\nm\u00e1s de pavimento dentro del paquete que hoy se inaugur\u00f3. Adem\u00e1s, a la brevedad\nse iniciar\u00e1 la licitaci\u00f3n de las obras de ampliaci\u00f3n y equipamiento del Centro\nde Salud local. \u201cVamos a trabajar para cuidar la salud invirtiendo fuertemente\nen infraestructura b\u00e1sica para todas las comunidades\u201d, cerr\u00f3.<\/p>\n","protected":false},"excerpt":{"rendered":"<p>12-Ene-21 Las obras contaron con una inversi\u00f3n total de $24.263.269, que otorgar\u00e1 ocho nuevas cuadras con luminarias LED y una plazoleta totalmente refaccionada a la capital bot\u00e1nica del Chaco.<\/p>\n","protected":false},"author":3,"featured_media":0,"comment_status":"open","ping_status":"open","sticky":false,"template":"","format":"standard","meta":[],"categories":[98],"tags":[],"_links":{"self":[{"href":"http:\/\/www.noticiasdelparana.com.ar\/NuevaEdicion\/wp-json\/wp\/v2\/posts\/53013"}],"collection":[{"href":"http:\/\/www.noticiasdelparana.com.ar\/NuevaEdicion\/wp-json\/wp\/v2\/posts"}],"about":[{"href":"http:\/\/www.noticiasdelparana.com.ar\/NuevaEdicion\/wp-json\/wp\/v2\/types\/post"}],"author":[{"embeddable":true,"href":"http:\/\/www.noticiasdelparana.com.ar\/NuevaEdicion\/wp-json\/wp\/v2\/users\/3"}],"replies":[{"embeddable":true,"href":"http:\/\/www.noticiasdelparana.com.ar\/NuevaEdicion\/wp-json\/wp\/v2\/comments?post=53013"}],"version-history":[{"count":1,"href":"http:\/\/www.noticiasdelparana.com.ar\/NuevaEdicion\/wp-json\/wp\/v2\/posts\/53013\/revisions"}],"predecessor-version":[{"id":53016,"href":"http:\/\/www.noticiasdelparana.com.ar\/NuevaEdicion\/wp-json\/wp\/v2\/posts\/53013\/revisions\/53016"}],"wp:attachment":[{"href":"http:\/\/www.noticiasdelparana.com.ar\/NuevaEdicion\/wp-json\/wp\/v2\/media?parent=53013"}],"wp:term":[{"taxonomy":"category","embeddable":true,"href":"http:\/\/www.noticiasdelparana.com.ar\/NuevaEdicion\/wp-json\/wp\/v2\/categories?post=53013"},{"taxonomy":"post_tag","embeddable":true,"href":"http:\/\/www.noticiasdelparana.com.ar\/NuevaEdicion\/wp-json\/wp\/v2\/tags?post=53013"}],"curies":[{"name":"wp","href":"https:\/\/api.w.org\/{rel}","templated":true}]}}