{"id":7798,"date":"2020-01-03T11:02:32","date_gmt":"2020-01-03T14:02:32","guid":{"rendered":"http:\/\/www.noticiasdelparana.com.ar\/NuevaEdicion\/?p=7798"},"modified":"2020-01-03T11:06:41","modified_gmt":"2020-01-03T14:06:41","slug":"barranqueras-en-tres-semanas-estaria-concluida-la-obra-de-pavimento-de-la-sauce","status":"publish","type":"post","link":"http:\/\/www.noticiasdelparana.com.ar\/NuevaEdicion\/2020\/01\/03\/barranqueras-en-tres-semanas-estaria-concluida-la-obra-de-pavimento-de-la-sauce\/","title":{"rendered":"BARRANQUERAS: En Tres Semanas Estar\u00eda Concluida La Obra De Pavimento De La Sauce"},"content":{"rendered":"\n<figure class=\"wp-block-image\"><img src=\"http:\/\/www.noticiasdelparana.com.ar\/NuevaEdicion\/wp-content\/uploads\/2020\/01\/magda-sauce1.jpg\" alt=\"\" class=\"wp-image-7800\"\/><\/figure>\n\n\n\n<p>La intendente de Barranqueras, Magda Ayala, recorri\u00f3 la obra de pavimentaci\u00f3n pr\u00f3ximas a iniciar su reactivaci\u00f3n en la calle Sauce, entre avenida Castelli y Toledo (Chacra 285), y que significar\u00eda la finalizaci\u00f3n de una obra que est\u00e1 paralizada hace m\u00e1s de un mes pero que se calcula que en tres semanas estar\u00eda finalizada. Hay que destacar que esta obra es financiada con recursos municipales.<\/p>\n\n\n\n<p>Durante la recorrida por la obra, la jefa comunal Magda Ayala estuvo acompa\u00f1ada por el Secretario de Hacienda, Ra\u00fal Zacar\u00edas y la Secretaria de Obras P\u00fablicas, Irina Castillo, junto a un amplio acompa\u00f1amiento de los vecinos que esperan la conclusi\u00f3n de esta obra indispensable para la comunidad de Barranqueras.<\/p>\n\n\n\n<figure class=\"wp-block-image\"><img src=\"http:\/\/www.noticiasdelparana.com.ar\/NuevaEdicion\/wp-content\/uploads\/2020\/01\/magda-sauce.jpg\" alt=\"\" class=\"wp-image-7799\"\/><\/figure>\n\n\n\n<p>Con respecto al estado actual, estar\u00eda faltando las bocacalles en justamente las calles Alem, Boggio y Marmol, por lo que se estar\u00eda trabajando r\u00e1pidamente en concluir esta obra de pavimentaci\u00f3n en esa zona y barriada de Barranqueras.<\/p>\n\n\n\n<p>Esta obra se inici\u00f3 en julio y hace m\u00e1s de un mes est\u00e1 paralizada. Hay que remarcar que esta obra de pavimentaci\u00f3n incluye iluminaci\u00f3n, desag\u00fces  y colocaci\u00f3n de ca\u00f1os PEAD que son posibles gracias a los recursos de la Municipalidad de Barranqueras conducida por la intendente Magda Ayala, y se espera que en tres semanas esta obra est\u00e9 finalizada.<\/p>\n","protected":false},"excerpt":{"rendered":"<p>03-Ene-20As\u00ed lo asegur\u00f3 la intendenta Magda Ayala luego de realizar un recorrido por la obra acompa\u00f1ada de funcionarios municipales.<\/p>\n","protected":false},"author":3,"featured_media":0,"comment_status":"open","ping_status":"open","sticky":false,"template":"","format":"standard","meta":[],"categories":[99,108],"tags":[],"_links":{"self":[{"href":"http:\/\/www.noticiasdelparana.com.ar\/NuevaEdicion\/wp-json\/wp\/v2\/posts\/7798"}],"collection":[{"href":"http:\/\/www.noticiasdelparana.com.ar\/NuevaEdicion\/wp-json\/wp\/v2\/posts"}],"about":[{"href":"http:\/\/www.noticiasdelparana.com.ar\/NuevaEdicion\/wp-json\/wp\/v2\/types\/post"}],"author":[{"embeddable":true,"href":"http:\/\/www.noticiasdelparana.com.ar\/NuevaEdicion\/wp-json\/wp\/v2\/users\/3"}],"replies":[{"embeddable":true,"href":"http:\/\/www.noticiasdelparana.com.ar\/NuevaEdicion\/wp-json\/wp\/v2\/comments?post=7798"}],"version-history":[{"count":1,"href":"http:\/\/www.noticiasdelparana.com.ar\/NuevaEdicion\/wp-json\/wp\/v2\/posts\/7798\/revisions"}],"predecessor-version":[{"id":7801,"href":"http:\/\/www.noticiasdelparana.com.ar\/NuevaEdicion\/wp-json\/wp\/v2\/posts\/7798\/revisions\/7801"}],"wp:attachment":[{"href":"http:\/\/www.noticiasdelparana.com.ar\/NuevaEdicion\/wp-json\/wp\/v2\/media?parent=7798"}],"wp:term":[{"taxonomy":"category","embeddable":true,"href":"http:\/\/www.noticiasdelparana.com.ar\/NuevaEdicion\/wp-json\/wp\/v2\/categories?post=7798"},{"taxonomy":"post_tag","embeddable":true,"href":"http:\/\/www.noticiasdelparana.com.ar\/NuevaEdicion\/wp-json\/wp\/v2\/tags?post=7798"}],"curies":[{"name":"wp","href":"https:\/\/api.w.org\/{rel}","templated":true}]}}