{"id":97832,"date":"2021-11-02T09:53:33","date_gmt":"2021-11-02T12:53:33","guid":{"rendered":"http:\/\/www.noticiasdelparana.com.ar\/NuevaEdicion\/?p=97832"},"modified":"2021-11-02T09:53:39","modified_gmt":"2021-11-02T12:53:39","slug":"barranqueras-investigan-siniestro-vial-que-protagonizo-un-camion-del-ejercito-argentino","status":"publish","type":"post","link":"http:\/\/www.noticiasdelparana.com.ar\/NuevaEdicion\/2021\/11\/02\/barranqueras-investigan-siniestro-vial-que-protagonizo-un-camion-del-ejercito-argentino\/","title":{"rendered":"BARRANQUERAS: Investigan Siniestro Vial Que Protagoniz\u00f3 Un Cami\u00f3n Del Ejercito Argentino"},"content":{"rendered":"\n<p>&nbsp;La ma\u00f1ana de este martes a las 07:20 horas en Av. San Mart\u00edn y Asunci\u00f3n se produjo un siniestro vial que tuvo como protagonista a un&nbsp; cami\u00f3n REO VUG carga 6&#215;6 asignado al Ej\u00e9rcito Argentino&nbsp; guiado por el Cabo Primero Pol. Walter David Moscala de 31 a\u00f1os, quien perdi\u00f3 el control del mismo colisionando contra un sem\u00e1foro, un cesto de basura, carteles y parte de la estructura de un local comercial ubicado en Av. San Mart\u00edn 1398 que&nbsp; funciona como fiambrer\u00eda.<\/p>\n\n\n\n<figure class=\"wp-block-image size-large\"><img src=\"http:\/\/www.noticiasdelparana.com.ar\/NuevaEdicion\/wp-content\/uploads\/2021\/11\/asuncion-y-san-martin01.jpg\" alt=\"\" class=\"wp-image-97833\"\/><\/figure>\n\n\n\n<p>Personal de la Comisar\u00eda Primera de Barranqueras y la Divisi\u00f3n Criminal\u00edstica trabajaron el el lugar a fin de investigar el hecho.<\/p>\n","protected":false},"excerpt":{"rendered":"<p>01-Nov-21   Ocurri\u00f3 esta ma\u00f1ana en Av. San Mart\u00edn y Asunci\u00f3n,  tom\u00f3 intervenci\u00f3n personal de la Comisar\u00eda Primera de Barranqueras y la Divisi\u00f3n Criminal\u00edstica.<\/p>\n","protected":false},"author":3,"featured_media":0,"comment_status":"closed","ping_status":"closed","sticky":false,"template":"","format":"standard","meta":[],"categories":[99],"tags":[],"_links":{"self":[{"href":"http:\/\/www.noticiasdelparana.com.ar\/NuevaEdicion\/wp-json\/wp\/v2\/posts\/97832"}],"collection":[{"href":"http:\/\/www.noticiasdelparana.com.ar\/NuevaEdicion\/wp-json\/wp\/v2\/posts"}],"about":[{"href":"http:\/\/www.noticiasdelparana.com.ar\/NuevaEdicion\/wp-json\/wp\/v2\/types\/post"}],"author":[{"embeddable":true,"href":"http:\/\/www.noticiasdelparana.com.ar\/NuevaEdicion\/wp-json\/wp\/v2\/users\/3"}],"replies":[{"embeddable":true,"href":"http:\/\/www.noticiasdelparana.com.ar\/NuevaEdicion\/wp-json\/wp\/v2\/comments?post=97832"}],"version-history":[{"count":1,"href":"http:\/\/www.noticiasdelparana.com.ar\/NuevaEdicion\/wp-json\/wp\/v2\/posts\/97832\/revisions"}],"predecessor-version":[{"id":97835,"href":"http:\/\/www.noticiasdelparana.com.ar\/NuevaEdicion\/wp-json\/wp\/v2\/posts\/97832\/revisions\/97835"}],"wp:attachment":[{"href":"http:\/\/www.noticiasdelparana.com.ar\/NuevaEdicion\/wp-json\/wp\/v2\/media?parent=97832"}],"wp:term":[{"taxonomy":"category","embeddable":true,"href":"http:\/\/www.noticiasdelparana.com.ar\/NuevaEdicion\/wp-json\/wp\/v2\/categories?post=97832"},{"taxonomy":"post_tag","embeddable":true,"href":"http:\/\/www.noticiasdelparana.com.ar\/NuevaEdicion\/wp-json\/wp\/v2\/tags?post=97832"}],"curies":[{"name":"wp","href":"https:\/\/api.w.org\/{rel}","templated":true}]}}