{"id":171083,"date":"2023-02-01T18:00:19","date_gmt":"2023-02-01T21:00:19","guid":{"rendered":"http:\/\/www.noticiasdelparana.com.ar\/NuevaEdicion\/?p=171083"},"modified":"2023-02-01T18:08:06","modified_gmt":"2023-02-01T21:08:06","slug":"resistencia-aperturbras-de-pavimento-y-desagues-en-villa-libertad-que-la-gente-sepa-que-aqui-estan-sus-impuestos-dijo-el-intendente","status":"publish","type":"post","link":"https:\/\/www.noticiasdelparana.com.ar\/NuevaEdicion\/2023\/02\/01\/resistencia-aperturbras-de-pavimento-y-desagues-en-villa-libertad-que-la-gente-sepa-que-aqui-estan-sus-impuestos-dijo-el-intendente\/","title":{"rendered":"RESISTENCIA: Apertura De Sobres De Licitaci\u00f3n Para Obras De Pavimento"},"content":{"rendered":"\n<p>Tres empresas presentaron sus ofertas, se trata de Vidal y Zening, interesada en el pavimento de Duvivier, en el tramo Fort\u00edn Rivadavia a Soberan\u00eda Nacional.<\/p>\n\n\n\n<p>En tanto, la calle Fort\u00edn Rivadavia, tramo Lisandro de la Torre y avenida Chaco, las empresas que presentaron sus propuestas fueron Pedro Mart\u00ednez y Novelli.<\/p>\n\n\n\n<p>Con un presupuesto estimado de $ 398.198.632,63, con recursos propios, la construcci\u00f3n de ambas arterias tiene un plazo de ejecuci\u00f3n de cuatro meses. M\u00e1s de 17.500 vecinos y vecinas se beneficiar\u00e1n con esta obra que forma parte del Plan de Corredores Viales de la gesti\u00f3n municipal.<\/p>\n\n\n\n<p>La obra beneficiar\u00e1 aproximadamente a m\u00e1s de 17 mil personas de forma directa, abarcando un importante sector del Sureste de la Ciudad, con barrios como, el Villa Libertad, Juan Bautista Alberdi, Uni\u00f3n, Nazareno, Lestani, Mejicano, Llaponagat, Gastron\u00f3mico, Copervi y Barrio Italiano.<\/p>\n\n\n\n<p>\u201cEstamos en esta zona del sur de la ciudad abriendo los sobres de licitaci\u00f3n junto a vecinos y vecinas, que ver\u00e1n esta etapa de obra para cambiar la fisonom\u00eda de Villa Libertad\u201d, dijo el Intendente.<\/p>\n\n\n\n<p>\u201cNos encargamos de desarrollar una planificaci\u00f3n para intervenir en una zona que hace mucho tiempo estuvo abandonada en materia de infraestructura\u201d, agreg\u00f3.<\/p>\n\n\n\n<p>Asimismo, record\u00f3: \u201cLa avenida Las Heras, una de las m\u00e1s antiguas de la Ciudad hasta hace poco no ten\u00eda pavimento en el sector hasta que intervenimos para brindar una conexi\u00f3n con el sur y, en especial, a dos barrios como Villa Libertad y Villa Palermo\u201d.<\/p>\n\n\n\n<p>Siguiendo con este punto, hizo menci\u00f3n a la pavimentaci\u00f3n de la calle Fort\u00edn Rivadavia, desde avenida Alberdi hasta Lisandro de la Torre, convirti\u00e9ndose en un importante corredor.<\/p>\n\n\n\n<p>\u201cPero &#8211; continu\u00f3 -, tambi\u00e9n esta zona ten\u00eda un problema h\u00eddrico importante, entre Lisandro de la Torre y avenida Chaco, ya que no hab\u00eda desag\u00fces estructurales, se acumulaba mucha agua hasta que se dio una soluci\u00f3n hist\u00f3rica con la obra de&nbsp; entubamiento de hormig\u00f3n en 100 metros, colocando ca\u00f1os de un metro de di\u00e1metro\u201d.<\/p>\n\n\n\n<p>\u201cNo sirve hacer las obras a medias, la pol\u00edtica debe dejar de pensar en la pr\u00f3xima elecci\u00f3n y empezar a pensar en las pr\u00f3ximas generaciones. Si hacemos las cosas planificadas, todo se puede solucionar de forma integral\u201d, asever\u00f3.<\/p>\n\n\n\n<p>\u201cQue la gente sepa que aqu\u00ed est\u00e1n sus impuestos, nunca conseguimos financiamiento con fondos nacionales ni provinciales, estas obras las ejecutamos con recursos genuinos\u201d, puntualiz\u00f3.<\/p>\n\n\n\n<p>RESPUESTA A UNA DEMANDA HIST\u00d3RICA<\/p>\n\n\n\n<p>Gladys Ort\u00edz, de Villa Libertad, dijo que \u201cestamos viendo que nuestros impuestos vuelven a la gente, esperamos mucho esto\u201d.<\/p>\n\n\n\n<p>Jos\u00e9 Ram\u00f3n Ver\u00f3n, vecino del mismo barrio, se\u00f1al\u00f3 que \u201cnos pone muy contentos, es una obra hist\u00f3rica, y adem\u00e1s, en esta gesti\u00f3n municipal se hizo mucho\u201d.<\/p>\n\n\n\n<p>Sandra Casco vive en la calle Duvivier y consider\u00f3 \u201cmuy importante para los que residimos aqu\u00ed, que se abrieran los sobres de licitaci\u00f3n en el barrio demuestra transparencia\u201d.<\/p>\n\n\n\n<p>DETALLES T\u00c9CNICOS<\/p>\n\n\n\n<p>La presente obra comprende la ejecuci\u00f3n de la pavimentaci\u00f3n y obras complementarias de las calles Duvivier en el tramo de avenidas Edison y Soberan\u00eda Nacional y la Fort\u00edn Rivadavia, entre Lisandro de la Torre y Chaco.<\/p>\n\n\n\n<p>Para ambas obras se proyecta una calzada de hormig\u00f3n simple de 8 metros de ancho libre de circulaci\u00f3n.<\/p>\n\n\n\n<p>En lo concerniente a desag\u00fces pluviales, el escurrimiento ser\u00e1 hacia los conductos principales existentes en calles Duvivier, y avenida Chaco, mediante conductos circulares de vinculaci\u00f3n de tubos Pead (polietileno de alta densidad), con sus respectivos sumideros de captaci\u00f3n de hormig\u00f3n armado.<\/p>\n\n\n\n<p>Asimismo, se incorporar\u00e1 se\u00f1alizaci\u00f3n vertical compuesta por nomencladores urbanos indicadores de las calles y sentido de circulaci\u00f3n. Tambi\u00e9n se prev\u00e9 la construcci\u00f3n de rampas para discapacitados en la totalidad de las bocacalles.<\/p>\n","protected":false},"excerpt":{"rendered":"<p>01-Feb-23: En el marco del Plan Director de Infraestructura, Gustavo abri\u00f3 los sobres de la licitaci\u00f3n p\u00fablica para las obras de pavimentaci\u00f3n, desag\u00fces pluviales, iluminaci\u00f3n y se\u00f1alizaci\u00f3n de 1.000 metros las calles Duvivier y 600 metros de la Fort\u00edn Rivadavia, en el sur de Resistencia. <\/p>\n","protected":false},"author":3,"featured_media":0,"comment_status":"closed","ping_status":"closed","sticky":false,"template":"","format":"standard","meta":[],"categories":[102],"tags":[],"_links":{"self":[{"href":"https:\/\/www.noticiasdelparana.com.ar\/NuevaEdicion\/wp-json\/wp\/v2\/posts\/171083"}],"collection":[{"href":"https:\/\/www.noticiasdelparana.com.ar\/NuevaEdicion\/wp-json\/wp\/v2\/posts"}],"about":[{"href":"https:\/\/www.noticiasdelparana.com.ar\/NuevaEdicion\/wp-json\/wp\/v2\/types\/post"}],"author":[{"embeddable":true,"href":"https:\/\/www.noticiasdelparana.com.ar\/NuevaEdicion\/wp-json\/wp\/v2\/users\/3"}],"replies":[{"embeddable":true,"href":"https:\/\/www.noticiasdelparana.com.ar\/NuevaEdicion\/wp-json\/wp\/v2\/comments?post=171083"}],"version-history":[{"count":2,"href":"https:\/\/www.noticiasdelparana.com.ar\/NuevaEdicion\/wp-json\/wp\/v2\/posts\/171083\/revisions"}],"predecessor-version":[{"id":171089,"href":"https:\/\/www.noticiasdelparana.com.ar\/NuevaEdicion\/wp-json\/wp\/v2\/posts\/171083\/revisions\/171089"}],"wp:attachment":[{"href":"https:\/\/www.noticiasdelparana.com.ar\/NuevaEdicion\/wp-json\/wp\/v2\/media?parent=171083"}],"wp:term":[{"taxonomy":"category","embeddable":true,"href":"https:\/\/www.noticiasdelparana.com.ar\/NuevaEdicion\/wp-json\/wp\/v2\/categories?post=171083"},{"taxonomy":"post_tag","embeddable":true,"href":"https:\/\/www.noticiasdelparana.com.ar\/NuevaEdicion\/wp-json\/wp\/v2\/tags?post=171083"}],"curies":[{"name":"wp","href":"https:\/\/api.w.org\/{rel}","templated":true}]}}