{"id":172849,"date":"2023-02-13T23:47:58","date_gmt":"2023-02-14T02:47:58","guid":{"rendered":"http:\/\/www.noticiasdelparana.com.ar\/NuevaEdicion\/?p=172849"},"modified":"2023-02-13T23:58:39","modified_gmt":"2023-02-14T02:58:39","slug":"barranqueras-se-puso-en-marcha-la-obra-de-pavimento-de-avenida-las-piedras","status":"publish","type":"post","link":"https:\/\/www.noticiasdelparana.com.ar\/NuevaEdicion\/2023\/02\/13\/barranqueras-se-puso-en-marcha-la-obra-de-pavimento-de-avenida-las-piedras\/","title":{"rendered":"BARRANQUERAS:   Se Puso En Marcha La Obra De Pavimento De Avenida Las Piedras."},"content":{"rendered":"\n<p>\u201cCon enorme felicidad y orgullo podemos comunicar que ya comenz\u00f3 la obra de pavimentaci\u00f3n sobre avenida Las Piedras. Un sue\u00f1o de muchos vecinos y de este equipo, que hoy, con el acompa\u00f1amiento del Gobierno del Chaco y la Direcci\u00f3n de Vialidad Provincial lo estamos haciendo realidad\u201d, expres\u00f3 la intendente Magda Ayala mientras realizaba un recorrido por \u00e9sta arteria fundamental del barrio La Toma.<\/p>\n\n\n\n<figure class=\"wp-block-image size-large\"><img src=\"http:\/\/www.noticiasdelparana.com.ar\/NuevaEdicion\/wp-content\/uploads\/2023\/02\/las-piedras01.jpg\" alt=\"\" class=\"wp-image-172850\"\/><\/figure>\n\n\n\n<p>\u201cEste pavimento representa saldar una deuda hist\u00f3rica, pero tambi\u00e9n es mejorar la calidad de vida de los vecinos, es tener una mejor transitabilidad, un mayor acceso al barrio, mayor seguridad, y permite fortalecer el proceso de urbanizaci\u00f3n. En definitiva, es seguir construyendo una Barranqueras de esperanza, progreso y un futuro de oportunidades para todos\u201d, reflexion\u00f3 la jefa comunal.<\/p>\n\n\n\n<figure class=\"wp-block-image size-large\"><img src=\"http:\/\/www.noticiasdelparana.com.ar\/NuevaEdicion\/wp-content\/uploads\/2023\/02\/las-piedras.jpg\" alt=\"\" class=\"wp-image-172852\"\/><\/figure>\n\n\n\n<p>Cabe destacar que esta avenida conecta escuelas, centros de salud, y est\u00e1 dentro del recorrido del transporte p\u00fablico. \u201cEn estas acci\u00f3n hay una decisi\u00f3n pol\u00edtica, estamos haciendo historia en una Barranqueras que no detiene su transformaci\u00f3n y crecimiento\u201d, finaliz\u00f3 Magda Ayala.<\/p>\n\n\n\n<p>En este recorrido tambi\u00e9n se sumaron la secretaria de Obras y Servicios P\u00fablicos Vanesa Jarolin, el secretario coordinador de Gabinete Rodrigo Ayala Pared y parte del equipo que estar\u00e1 realizando la obra.<\/p>\n","protected":false},"excerpt":{"rendered":"<p>13-Feb-23  \u201cEstamos haciendo historia en una barranqueras que no detiene su transformaci\u00f3n\u201d asegur\u00f3 Magda Ayala. <\/p>\n","protected":false},"author":3,"featured_media":0,"comment_status":"closed","ping_status":"closed","sticky":false,"template":"","format":"standard","meta":[],"categories":[99,108],"tags":[],"_links":{"self":[{"href":"https:\/\/www.noticiasdelparana.com.ar\/NuevaEdicion\/wp-json\/wp\/v2\/posts\/172849"}],"collection":[{"href":"https:\/\/www.noticiasdelparana.com.ar\/NuevaEdicion\/wp-json\/wp\/v2\/posts"}],"about":[{"href":"https:\/\/www.noticiasdelparana.com.ar\/NuevaEdicion\/wp-json\/wp\/v2\/types\/post"}],"author":[{"embeddable":true,"href":"https:\/\/www.noticiasdelparana.com.ar\/NuevaEdicion\/wp-json\/wp\/v2\/users\/3"}],"replies":[{"embeddable":true,"href":"https:\/\/www.noticiasdelparana.com.ar\/NuevaEdicion\/wp-json\/wp\/v2\/comments?post=172849"}],"version-history":[{"count":2,"href":"https:\/\/www.noticiasdelparana.com.ar\/NuevaEdicion\/wp-json\/wp\/v2\/posts\/172849\/revisions"}],"predecessor-version":[{"id":172855,"href":"https:\/\/www.noticiasdelparana.com.ar\/NuevaEdicion\/wp-json\/wp\/v2\/posts\/172849\/revisions\/172855"}],"wp:attachment":[{"href":"https:\/\/www.noticiasdelparana.com.ar\/NuevaEdicion\/wp-json\/wp\/v2\/media?parent=172849"}],"wp:term":[{"taxonomy":"category","embeddable":true,"href":"https:\/\/www.noticiasdelparana.com.ar\/NuevaEdicion\/wp-json\/wp\/v2\/categories?post=172849"},{"taxonomy":"post_tag","embeddable":true,"href":"https:\/\/www.noticiasdelparana.com.ar\/NuevaEdicion\/wp-json\/wp\/v2\/tags?post=172849"}],"curies":[{"name":"wp","href":"https:\/\/api.w.org\/{rel}","templated":true}]}}