{"id":180660,"date":"2023-03-30T11:53:08","date_gmt":"2023-03-30T14:53:08","guid":{"rendered":"http:\/\/www.noticiasdelparana.com.ar\/NuevaEdicion\/?p=180660"},"modified":"2023-03-30T11:53:11","modified_gmt":"2023-03-30T14:53:11","slug":"barranqueras-continua-la-pavimentacion-de-20-cuadras-de-la-avenida-las-piedras","status":"publish","type":"post","link":"https:\/\/www.noticiasdelparana.com.ar\/NuevaEdicion\/2023\/03\/30\/barranqueras-continua-la-pavimentacion-de-20-cuadras-de-la-avenida-las-piedras\/","title":{"rendered":"BARRANQUERAS: Contin\u00faa La Pavimentaci\u00f3n De 20 Cuadras De La Avenida Las Piedras"},"content":{"rendered":"\n<p>La Direcci\u00f3n de Vialidad Provincial (DVP) avanza con la pavimentaci\u00f3n de 20 nuevas cuadras de pavimento urbano y desag\u00fces pluviales en la avenida Las Piedras de Barranqueras, tramo entre Av. San Mart\u00edn y Av. Gaboto. La obra, que cuenta con un presupuesto oficial de $201.931.154,77, forma parte del convenio con el Ministerio de Planificaci\u00f3n, Econom\u00eda e Infraestructura.<\/p>\n\n\n\n<p>Este proyecto beneficiar\u00e1 directamente a vecinas y vecinos del barrio \u201cLa Toma\u201d, la Escuela Nacional N\u00b0 43 \u201cJuan B. Sanchis\u201d, el Jard\u00edn de infantes N\u00b092 y todos los habitantes de la zona Sureste.<\/p>\n\n\n\n<p>El proyecto es ejecutado a trav\u00e9s de la empresa Ing. Valinotti Obras Viales, bajo la supervisi\u00f3n de la ingeniera Evangelina Pedrazzoli.<\/p>\n","protected":false},"excerpt":{"rendered":"<p>30-Mar-23 Se trata del tramo entre Av. San Mart\u00edn y Av. Gaboto que beneficiar\u00e1 directamente a las vecinas y vecinos de la zona Sureste de la localidad. La obra cuenta con un presupuesto de $201.931.154,77.<\/p>\n","protected":false},"author":3,"featured_media":0,"comment_status":"closed","ping_status":"closed","sticky":false,"template":"","format":"standard","meta":[],"categories":[99],"tags":[],"_links":{"self":[{"href":"https:\/\/www.noticiasdelparana.com.ar\/NuevaEdicion\/wp-json\/wp\/v2\/posts\/180660"}],"collection":[{"href":"https:\/\/www.noticiasdelparana.com.ar\/NuevaEdicion\/wp-json\/wp\/v2\/posts"}],"about":[{"href":"https:\/\/www.noticiasdelparana.com.ar\/NuevaEdicion\/wp-json\/wp\/v2\/types\/post"}],"author":[{"embeddable":true,"href":"https:\/\/www.noticiasdelparana.com.ar\/NuevaEdicion\/wp-json\/wp\/v2\/users\/3"}],"replies":[{"embeddable":true,"href":"https:\/\/www.noticiasdelparana.com.ar\/NuevaEdicion\/wp-json\/wp\/v2\/comments?post=180660"}],"version-history":[{"count":1,"href":"https:\/\/www.noticiasdelparana.com.ar\/NuevaEdicion\/wp-json\/wp\/v2\/posts\/180660\/revisions"}],"predecessor-version":[{"id":180662,"href":"https:\/\/www.noticiasdelparana.com.ar\/NuevaEdicion\/wp-json\/wp\/v2\/posts\/180660\/revisions\/180662"}],"wp:attachment":[{"href":"https:\/\/www.noticiasdelparana.com.ar\/NuevaEdicion\/wp-json\/wp\/v2\/media?parent=180660"}],"wp:term":[{"taxonomy":"category","embeddable":true,"href":"https:\/\/www.noticiasdelparana.com.ar\/NuevaEdicion\/wp-json\/wp\/v2\/categories?post=180660"},{"taxonomy":"post_tag","embeddable":true,"href":"https:\/\/www.noticiasdelparana.com.ar\/NuevaEdicion\/wp-json\/wp\/v2\/tags?post=180660"}],"curies":[{"name":"wp","href":"https:\/\/api.w.org\/{rel}","templated":true}]}}