{"id":226369,"date":"2023-12-07T18:46:43","date_gmt":"2023-12-07T21:46:43","guid":{"rendered":"http:\/\/www.noticiasdelparana.com.ar\/NuevaEdicion\/?p=226369"},"modified":"2023-12-07T18:46:46","modified_gmt":"2023-12-07T21:46:46","slug":"barranqueras-capitanich-inauguro-13-nuevas-cuadras-de-pavimento-en-tambien-recorrio-las-obras-del-nuevo-edificio-municipal","status":"publish","type":"post","link":"https:\/\/www.noticiasdelparana.com.ar\/NuevaEdicion\/2023\/12\/07\/barranqueras-capitanich-inauguro-13-nuevas-cuadras-de-pavimento-en-tambien-recorrio-las-obras-del-nuevo-edificio-municipal\/","title":{"rendered":"BARRANQUERAS: Capitanich Inaugur\u00f3 13 Nuevas Cuadras De Pavimento En Tambi\u00e9n Recorri\u00f3 Las Obras Del Nuevo Edificio Municipal."},"content":{"rendered":"\n<p>La obra, que tuvo una inversi\u00f3n de&nbsp; $307.447.645,48, se ejecut\u00f3 en cinco meses con financiamiento del Ministerio de Planificaci\u00f3n, Econom\u00eda e Infraestructura de la provincia.<\/p>\n\n\n\n<p>Se trata de la Avenida Nicolas Rojas Acosta entre M. Toledo y la avenida Soberan\u00eda Nacional.<\/p>\n\n\n\n<p>\u201cEn Barranqueras, celebramos la inauguraci\u00f3n de 13 cuadras de pavimento en la Av. Nicol\u00e1s Acosta, recorrimos la obra del nuevo Edificio Municipal y habilitamos la refacci\u00f3n integral del Club Atl\u00e9tico Don Orione\u201d, dijo Capitanich en sus redes sociales y agreg\u00f3 que: \u201clas nuevas cuadras no solo mejoran la transitabilidad, sino tambi\u00e9n la seguridad vial y comodidad de veh\u00edculos y motocicletas que circulan diariamente\u201d.<\/p>\n\n\n\n<p>\u201cEsta obra tiene como objetivo producir&nbsp; una mejora integral y potenciar las&nbsp; condiciones de transitabilidad, seguridad y comodidad, no&nbsp; solo en las circulaciones vehiculares sino tambi\u00e9n en las circulaciones peatonales\u201d, indicaron desde la cartera de Planificaci\u00f3n.<\/p>\n\n\n\n<p>La totalidad de trabajos planteados se realizaron con mano de&nbsp; obra local debidamente capacitada, &#8220;por lo cual, adem\u00e1s de&nbsp; generar trabajos de calidad \u00f3ptima desde el punto de vista&nbsp; t\u00e9cnico, se producir\u00e1 una mejora en las condiciones&nbsp; econ\u00f3micas de las familias de los trabajadores implicados al&nbsp; generar fuentes de trabajo genuinas dentro de la localidad&#8221;, expresaron.<\/p>\n\n\n\n<figure class=\"wp-block-image size-large\"><img src=\"http:\/\/www.noticiasdelparana.com.ar\/NuevaEdicion\/wp-content\/uploads\/2023\/12\/edificio-MUNI-Bqras.jpg\" alt=\"\" class=\"wp-image-226371\"\/><\/figure>\n\n\n\n<p>Obra del nuevo edificio municipal de Barranqueras<\/p>\n\n\n\n<p>El primer mandatario provincial recorri\u00f3 adem\u00e1s la obra del nuevo Edificio Municipal de Barranqueras. El mismo presenta un avance del 40% y tuvo una inversi\u00f3n de$1.159.669.653,00.<\/p>\n\n\n\n<p>El proyecto est\u00e1 localizado en un predio de 2.500 metros cuadrados (50m x50m) ubicado en la esquina de la intersecci\u00f3n de las Av. Laprida y Av. Gaboto.<\/p>\n\n\n\n<p>En sus redes sociales, Capitanich dijo que &#8220;el nuevo Edificio Municipal ofrecer\u00e1 instalaciones m\u00e1s amplias y modernas, con tecnolog\u00eda de punta para brindar un servicio eficiente a los vecinos y vecinas, mejorando las condiciones laborales del personal&#8221;.<\/p>\n","protected":false},"excerpt":{"rendered":"<p>07-Dic-23   El gobernador Jorge Capitanich inaugur\u00f3 este jueves 13 nuevas cuadras de pavimento en la ciudad de Barranqueras.<\/p>\n","protected":false},"author":3,"featured_media":0,"comment_status":"closed","ping_status":"closed","sticky":false,"template":"","format":"standard","meta":[],"categories":[99,108],"tags":[],"_links":{"self":[{"href":"https:\/\/www.noticiasdelparana.com.ar\/NuevaEdicion\/wp-json\/wp\/v2\/posts\/226369"}],"collection":[{"href":"https:\/\/www.noticiasdelparana.com.ar\/NuevaEdicion\/wp-json\/wp\/v2\/posts"}],"about":[{"href":"https:\/\/www.noticiasdelparana.com.ar\/NuevaEdicion\/wp-json\/wp\/v2\/types\/post"}],"author":[{"embeddable":true,"href":"https:\/\/www.noticiasdelparana.com.ar\/NuevaEdicion\/wp-json\/wp\/v2\/users\/3"}],"replies":[{"embeddable":true,"href":"https:\/\/www.noticiasdelparana.com.ar\/NuevaEdicion\/wp-json\/wp\/v2\/comments?post=226369"}],"version-history":[{"count":1,"href":"https:\/\/www.noticiasdelparana.com.ar\/NuevaEdicion\/wp-json\/wp\/v2\/posts\/226369\/revisions"}],"predecessor-version":[{"id":226372,"href":"https:\/\/www.noticiasdelparana.com.ar\/NuevaEdicion\/wp-json\/wp\/v2\/posts\/226369\/revisions\/226372"}],"wp:attachment":[{"href":"https:\/\/www.noticiasdelparana.com.ar\/NuevaEdicion\/wp-json\/wp\/v2\/media?parent=226369"}],"wp:term":[{"taxonomy":"category","embeddable":true,"href":"https:\/\/www.noticiasdelparana.com.ar\/NuevaEdicion\/wp-json\/wp\/v2\/categories?post=226369"},{"taxonomy":"post_tag","embeddable":true,"href":"https:\/\/www.noticiasdelparana.com.ar\/NuevaEdicion\/wp-json\/wp\/v2\/tags?post=226369"}],"curies":[{"name":"wp","href":"https:\/\/api.w.org\/{rel}","templated":true}]}}