{"id":229735,"date":"2023-12-27T19:54:55","date_gmt":"2023-12-27T22:54:55","guid":{"rendered":"http:\/\/www.noticiasdelparana.com.ar\/NuevaEdicion\/?p=229735"},"modified":"2023-12-27T19:54:58","modified_gmt":"2023-12-27T22:54:58","slug":"puerto-vilelas-avanza-la-pavimentacion-en-la-avenida-rio-parana","status":"publish","type":"post","link":"https:\/\/www.noticiasdelparana.com.ar\/NuevaEdicion\/2023\/12\/27\/puerto-vilelas-avanza-la-pavimentacion-en-la-avenida-rio-parana\/","title":{"rendered":"PUERTO VILELAS: Avanza la pavimentaci\u00f3n en la avenida R\u00edo Paran\u00e1"},"content":{"rendered":"\n<p>Continuando con las m\u00faltiples obras a lo largo y ancho de Puerto Vilelas, el intendente Marcelo \u201cColo\u201d Gonz\u00e1lez supervis\u00f3 las obras de pavimentaci\u00f3n sobre la avenida R\u00edo Paran\u00e1, siendo estas acciones la continuidad de los trabajos de pavimentaci\u00f3n que se est\u00e1n ejecutando sobre avenida Castelli.<\/p>\n\n\n\n<p>\u201cAhora arrancamos por la avenida R\u00edo Paran\u00e1, pero nuestro sue\u00f1o es completar la pavimentaci\u00f3n de la avenida Castelli, porque es una arteria muy importante que le va a dar calidad de vida a los vecinos y vecinas, adem\u00e1s de transformar a los barrios 60 viviendas, Villa Forestaci\u00f3n Sur, Molinos, Ferrocarril, d\u00e1ndoles a su vez un crecimiento en t\u00e9rminos de infraestructura, transitabilidad y mejoramiento\u201d, expres\u00f3 el jefe comunal vilelense quien durante la recorrida estuvo acompa\u00f1ado por el presidente del Concejo municipal Guillermo Soria.<\/p>\n\n\n\n<p>Actualmente se est\u00e1 cargando hormig\u00f3n en Avenida R\u00edo Paran\u00e1 entre Pio XII y Santa Luc\u00eda. Pero una vez finalizada, conectar\u00e1 la calle Santa Luc\u00eda con el acceso a la localidad, convirti\u00e9ndose en una de las obras m\u00e1s importantes que llevar\u00e1 adelante esta gesti\u00f3n. \u201cEstas acciones significan crecimiento y generan valor a los bienes inmuebles de los vecinos y vecinas, adem\u00e1s de que ser\u00e1 una v\u00eda de comunicaci\u00f3n, permitiendo transitar sin inconvenientes en la zona\u201d, destac\u00f3 \u201cColo\u201d Gonz\u00e1lez.<\/p>\n\n\n\n<p>&#8220;Esta obra que hoy me toca visitar la so\u00f1\u00e9 muchas veces, cuando de chico venia a jugar a esta zona, crec\u00ed en este barrio, conozco a los vecinos y a sus familias y se el valor que generan este tipo de obras, en la calidad de vida, en la de sus bienes inmuebles, en su comunicaci\u00f3n cotidiana; es de un fuerte impacto positivo\u201d, resalt\u00f3 Gonz\u00e1lez.<\/p>\n\n\n\n<p>Por otra parte, el intendente vilelense enumer\u00f3 todas las obras hidr\u00e1ulicas que permita el mejor desarrollo y escurrimiento cuando son d\u00edas lluviosos. \u201cAdem\u00e1s vamos a generar obras en materia de seguridad, vamos a seguir trabajando en la infraestructura y ver si podemos este r\u00e1pidamente inaugurar tambi\u00e9n nuestro Centro de Monitoreo\u201d, remarcando a su vez que \u201ctambi\u00e9n tenemos a los caminantes que se ubican en los puntos estrat\u00e9gicos y paradas de colectivos, d\u00e1ndole tranquilidad a la comunidad al momento de trasladarse de un lado al otro\u201d.<\/p>\n\n\n\n<p>\u201cPara nosotros tambi\u00e9n es importante el cuidado al medio ambiente, por eso estamos recogiendo los residuos como siempre lo hemos realizado en la localidad, pero adem\u00e1s tambi\u00e9n agregamos de que no va a haber ninguna basura que se arroje en la localidad, ya que lo estamos llevando y transportando a un lugar en Resistencia que est\u00e1 adecuado para recepcionar los residuos\u201d.<\/p>\n\n\n\n<p>\u201cTrabajamos para que Puerto Vilelas est\u00e9 mucho m\u00e1s segura, m\u00e1s saludable, m\u00e1s limpia y para que tengamos el orgullo de vivir en un pueblo que sea sustentable y saludable\u201d, finaliz\u00f3 el intendente Marcelo \u201cColo\u201d Gonz\u00e1lez.<\/p>\n","protected":false},"excerpt":{"rendered":"<p>27-Dic-23  \u201cEsta obra que me toca visitar la so\u00f1\u00e9 muchas veces\u201d asegur\u00f3 Colo Gonz\u00e1lez.<\/p>\n","protected":false},"author":3,"featured_media":0,"comment_status":"closed","ping_status":"closed","sticky":false,"template":"","format":"standard","meta":[],"categories":[101],"tags":[],"_links":{"self":[{"href":"https:\/\/www.noticiasdelparana.com.ar\/NuevaEdicion\/wp-json\/wp\/v2\/posts\/229735"}],"collection":[{"href":"https:\/\/www.noticiasdelparana.com.ar\/NuevaEdicion\/wp-json\/wp\/v2\/posts"}],"about":[{"href":"https:\/\/www.noticiasdelparana.com.ar\/NuevaEdicion\/wp-json\/wp\/v2\/types\/post"}],"author":[{"embeddable":true,"href":"https:\/\/www.noticiasdelparana.com.ar\/NuevaEdicion\/wp-json\/wp\/v2\/users\/3"}],"replies":[{"embeddable":true,"href":"https:\/\/www.noticiasdelparana.com.ar\/NuevaEdicion\/wp-json\/wp\/v2\/comments?post=229735"}],"version-history":[{"count":1,"href":"https:\/\/www.noticiasdelparana.com.ar\/NuevaEdicion\/wp-json\/wp\/v2\/posts\/229735\/revisions"}],"predecessor-version":[{"id":229739,"href":"https:\/\/www.noticiasdelparana.com.ar\/NuevaEdicion\/wp-json\/wp\/v2\/posts\/229735\/revisions\/229739"}],"wp:attachment":[{"href":"https:\/\/www.noticiasdelparana.com.ar\/NuevaEdicion\/wp-json\/wp\/v2\/media?parent=229735"}],"wp:term":[{"taxonomy":"category","embeddable":true,"href":"https:\/\/www.noticiasdelparana.com.ar\/NuevaEdicion\/wp-json\/wp\/v2\/categories?post=229735"},{"taxonomy":"post_tag","embeddable":true,"href":"https:\/\/www.noticiasdelparana.com.ar\/NuevaEdicion\/wp-json\/wp\/v2\/tags?post=229735"}],"curies":[{"name":"wp","href":"https:\/\/api.w.org\/{rel}","templated":true}]}}