{"id":235348,"date":"2024-02-02T14:38:37","date_gmt":"2024-02-02T17:38:37","guid":{"rendered":"http:\/\/www.noticiasdelparana.com.ar\/NuevaEdicion\/?p=235348"},"modified":"2024-02-02T14:47:17","modified_gmt":"2024-02-02T17:47:17","slug":"resistencia-semana-aniversario-homenaje-a-miembros-de-la-banda-municipal-y-anuncios-sobre-la-bienal-de-las-esculturas","status":"publish","type":"post","link":"https:\/\/www.noticiasdelparana.com.ar\/NuevaEdicion\/2024\/02\/02\/resistencia-semana-aniversario-homenaje-a-miembros-de-la-banda-municipal-y-anuncios-sobre-la-bienal-de-las-esculturas\/","title":{"rendered":"RESISTENCIA:  Semana Aniversario: Homenaje A Miembros De La Banda Municipal Y Anuncios Sobre La Bienal De Las Esculturas."},"content":{"rendered":"\n<p>Ayer por la tarde en el marco del 146 Aniversario de Resistencia se llev\u00f3 a cabo el cumplea\u00f1os n\u00famero 89 de la Banda Municipal \u201cLuis Omobono Gusberti\u201d en el cual se entregaron reconocimientos a sus ex miembros jubilados y a familiares de los ya fallecidos. La Fundaci\u00f3n Urunday fue parte del evento y realiz\u00f3 importantes anuncios sobre la pr\u00f3xima Bienal de las Esculturas.<\/p>\n\n\n\n<figure class=\"wp-block-image size-large\"><img src=\"https:\/\/www.noticiasdelparana.com.ar\/NuevaEdicion\/wp-content\/uploads\/2024\/02\/BIENEAL-RCIA-ANUNCIO.jpg\" alt=\"\" class=\"wp-image-235350\"\/><\/figure>\n\n\n\n<p>Su presidente Jos\u00e9 Eidman agradeci\u00f3 en nombre de la Fundaci\u00f3n \u201cla distinci\u00f3n de habernos invitado a este preludio del concierto en el que la banda municipal celebra sus 89 a\u00f1os de vida. Nosotros en la Fundaci\u00f3n tenemos nuestro alma mater, Fabriciano, creo que Luis Omobono y \u00e9l fueron dos tipos parecidos, que amaron a esta tierra contra viento y marea, que dieron lo mejor de ellos a esta patria chica, que tuvieron en igual peso, talento, visi\u00f3n, constancia y sue\u00f1os grandes, que fueron felices en el dar a su comunidad y que forjaron un legado trascendente, de tal modo que sus sue\u00f1os se encarnaron en la comunidad\u201d.<\/p>\n\n\n\n<p>\u201cM\u00fasica y escultura son parientes cercanos, por eso en esta circunstancia de cumplea\u00f1os, de valorizaci\u00f3n y respeto, les vengo a invitar a otro momento de celebraci\u00f3n y orgullo resistenciano. El pr\u00f3ximo 6 de marzo tenemos otra cita ineludible, el lanzamiento nacional de la Bienal 2024, que tendr\u00e1 una decena de consagrados escultores del mundo para hacer, ante nuestros ojos, sus obras art\u00edsticas que posteriormente se emplazar\u00e1n en el espacio p\u00fablico para formar parte de nuestro paisaje diario\u201d.<\/p>\n\n\n\n<p>Adem\u00e1s agreg\u00f3 que \u201chay otra raz\u00f3n para que estemos presentes ese d\u00eda, tras el lanzamiento de la Bienal del Chaco, inauguraremos el Gemelo Digital del David, la emblem\u00e1tica escultura de Miguel \u00c1ngel. Ese acontecimiento que har\u00e1 una bisagra en la historia escult\u00f3rica de Resistencia, es una prueba sustantiva de que somos un pueblo singular, capaz de plantar en las veredas m\u00e1s de 600 esculturas, un pueblo capaz de crear una banda de m\u00fasica con el poder de atravesar el tiempo&#8221;.<\/p>\n\n\n\n<p>Por su parte la secretaria de Cultura y Turismo, B\u00e1rbara L\u00f6sch Rosciani explic\u00f3 que \u201cla banda va a realizar un ensamble con artistas locales, es lo que busc\u00f3 siempre en esta agenda aniversario de los 146 a\u00f1os, buscar y revalorizar a trav\u00e9s de las instituciones, como es la Fundaci\u00f3n Urunday, la gran historia que tiene nuestra banda, reconocer a los trabajadores municipales para nosotros es muy importante\u201d.<\/p>\n\n\n\n<p>Sobre la participaci\u00f3n de la Fundaci\u00f3n en los festejos, resalt\u00f3 que \u201ces un honor, te agradezco que la Fundaci\u00f3n Urunday est\u00e9 con nosotros en el aniversario de la ciudad, anunciando las actividades del 6 de marzo, para nosotros es muy importante que ustedes nos acompa\u00f1en y est\u00e9n presentes porque ustedes son los que reciben a los vecinos todos los d\u00edas. traen las demandas de ellos y nosotros podemos ejecutarlas, hace que podamos trabajar de manera mancomunada como lo pidi\u00f3 el intendente\u201d.<\/p>\n\n\n\n<p>Eduardo Silva, ex director de la banda Municipal y homenajeado, se mostr\u00f3 \u201cmuy agradecido a la Municipalidad por haberse acordado de nosotros, que pusimos nuestros granitos de arena en la Banda, para que se convierta en lo que es ahora\u201d.<\/p>\n\n\n\n<p>Por su parte Charles Cargniel, quien fuera primer clarinete durante 29 a\u00f1os en la banda, resalt\u00f3 que \u201cfue una gran sorpresa, porque esto yo nunca lo hab\u00eda visto anteriormente, a\u00f1os anteriores, nunca. D\u00e1ndole as\u00ed un homenaje, un recordatorio a los m\u00fasicos que han participado y los que han partido. Agradezco a los organizadores y felicitarlos por esto, que muy pocas veces se ve, a veces pasan al olvido, pasan al recuerdo, nada m\u00e1s, estoy muy agradecido\u201d.<\/p>\n","protected":false},"excerpt":{"rendered":"<p>02-Feb-24 La Fundaci\u00f3n Urunday fue parte del evento y realiz\u00f3 importantes anuncios sobre la pr\u00f3xima Bienal de las Esculturas.<\/p>\n","protected":false},"author":3,"featured_media":0,"comment_status":"closed","ping_status":"closed","sticky":false,"template":"","format":"standard","meta":[],"categories":[108,102],"tags":[],"_links":{"self":[{"href":"https:\/\/www.noticiasdelparana.com.ar\/NuevaEdicion\/wp-json\/wp\/v2\/posts\/235348"}],"collection":[{"href":"https:\/\/www.noticiasdelparana.com.ar\/NuevaEdicion\/wp-json\/wp\/v2\/posts"}],"about":[{"href":"https:\/\/www.noticiasdelparana.com.ar\/NuevaEdicion\/wp-json\/wp\/v2\/types\/post"}],"author":[{"embeddable":true,"href":"https:\/\/www.noticiasdelparana.com.ar\/NuevaEdicion\/wp-json\/wp\/v2\/users\/3"}],"replies":[{"embeddable":true,"href":"https:\/\/www.noticiasdelparana.com.ar\/NuevaEdicion\/wp-json\/wp\/v2\/comments?post=235348"}],"version-history":[{"count":1,"href":"https:\/\/www.noticiasdelparana.com.ar\/NuevaEdicion\/wp-json\/wp\/v2\/posts\/235348\/revisions"}],"predecessor-version":[{"id":235351,"href":"https:\/\/www.noticiasdelparana.com.ar\/NuevaEdicion\/wp-json\/wp\/v2\/posts\/235348\/revisions\/235351"}],"wp:attachment":[{"href":"https:\/\/www.noticiasdelparana.com.ar\/NuevaEdicion\/wp-json\/wp\/v2\/media?parent=235348"}],"wp:term":[{"taxonomy":"category","embeddable":true,"href":"https:\/\/www.noticiasdelparana.com.ar\/NuevaEdicion\/wp-json\/wp\/v2\/categories?post=235348"},{"taxonomy":"post_tag","embeddable":true,"href":"https:\/\/www.noticiasdelparana.com.ar\/NuevaEdicion\/wp-json\/wp\/v2\/tags?post=235348"}],"curies":[{"name":"wp","href":"https:\/\/api.w.org\/{rel}","templated":true}]}}