{"id":362509,"date":"2026-04-24T17:54:52","date_gmt":"2026-04-24T20:54:52","guid":{"rendered":"http:\/\/www.noticiasdelparana.com.ar\/NuevaEdicion\/?p=362509"},"modified":"2026-04-24T17:54:55","modified_gmt":"2026-04-24T20:54:55","slug":"san-martin-abandono-la-motosierra-sustraida-y-escapo-por-el-monte","status":"publish","type":"post","link":"https:\/\/www.noticiasdelparana.com.ar\/NuevaEdicion\/2026\/04\/24\/san-martin-abandono-la-motosierra-sustraida-y-escapo-por-el-monte\/","title":{"rendered":"SAN MART\u00cdN: Abandon\u00f3 La Motosierra Sustra\u00edda Y Escap\u00f3 Por El Monte"},"content":{"rendered":"\n<p>El mi\u00e9rcoles 22 de abril, un ciudadano denunci\u00f3 el hurto de una motosierra y un secarropa desde su casa mientras el dorm\u00eda. Agentes de la Divisi\u00f3n Investigaciones Complejas de General San Mart\u00edn tomaron el caso y comenzaron con las tareas de investigaci\u00f3n. As\u00ed descubrieron que una persona intentaba vender los mismos objetos a bajo costo en el barrio Zool\u00f3gico.<\/p>\n\n\n\n<p>Despu\u00e9s de varias recorridas por la zona, esta siesta, dieron con el sospechoso que llevaba todo lo sustra\u00eddo. El sujeto escap\u00f3 por el monte, pero abandon\u00f3 la motosierra y el secarropa en su huida. Finalmente, los efectivos incautaron los objetos y se los devolvieron a su due\u00f1o, mientras siguen con los operativos para dar con el responsable del hecho.<\/p>\n","protected":false},"excerpt":{"rendered":"<p>24-Abr-26    Los agentes incautaron y devolvieron la herramienta y un secarropa tambi\u00e9n hurtado. Al mismo tiempo siguen con las tareas para dar con el autor del hecho.<\/p>\n","protected":false},"author":3,"featured_media":362510,"comment_status":"closed","ping_status":"closed","sticky":false,"template":"","format":"standard","meta":[],"categories":[103],"tags":[],"_links":{"self":[{"href":"https:\/\/www.noticiasdelparana.com.ar\/NuevaEdicion\/wp-json\/wp\/v2\/posts\/362509"}],"collection":[{"href":"https:\/\/www.noticiasdelparana.com.ar\/NuevaEdicion\/wp-json\/wp\/v2\/posts"}],"about":[{"href":"https:\/\/www.noticiasdelparana.com.ar\/NuevaEdicion\/wp-json\/wp\/v2\/types\/post"}],"author":[{"embeddable":true,"href":"https:\/\/www.noticiasdelparana.com.ar\/NuevaEdicion\/wp-json\/wp\/v2\/users\/3"}],"replies":[{"embeddable":true,"href":"https:\/\/www.noticiasdelparana.com.ar\/NuevaEdicion\/wp-json\/wp\/v2\/comments?post=362509"}],"version-history":[{"count":1,"href":"https:\/\/www.noticiasdelparana.com.ar\/NuevaEdicion\/wp-json\/wp\/v2\/posts\/362509\/revisions"}],"predecessor-version":[{"id":362511,"href":"https:\/\/www.noticiasdelparana.com.ar\/NuevaEdicion\/wp-json\/wp\/v2\/posts\/362509\/revisions\/362511"}],"wp:featuredmedia":[{"embeddable":true,"href":"https:\/\/www.noticiasdelparana.com.ar\/NuevaEdicion\/wp-json\/wp\/v2\/media\/362510"}],"wp:attachment":[{"href":"https:\/\/www.noticiasdelparana.com.ar\/NuevaEdicion\/wp-json\/wp\/v2\/media?parent=362509"}],"wp:term":[{"taxonomy":"category","embeddable":true,"href":"https:\/\/www.noticiasdelparana.com.ar\/NuevaEdicion\/wp-json\/wp\/v2\/categories?post=362509"},{"taxonomy":"post_tag","embeddable":true,"href":"https:\/\/www.noticiasdelparana.com.ar\/NuevaEdicion\/wp-json\/wp\/v2\/tags?post=362509"}],"curies":[{"name":"wp","href":"https:\/\/api.w.org\/{rel}","templated":true}]}}