{"id":362515,"date":"2026-04-24T17:59:49","date_gmt":"2026-04-24T20:59:49","guid":{"rendered":"http:\/\/www.noticiasdelparana.com.ar\/NuevaEdicion\/?p=362515"},"modified":"2026-04-24T17:59:55","modified_gmt":"2026-04-24T20:59:55","slug":"quitilipi-recuperaron-una-motocicleta-robada-en-saenz-pena-con-el-chasis-adulterado","status":"publish","type":"post","link":"https:\/\/www.noticiasdelparana.com.ar\/NuevaEdicion\/2026\/04\/24\/quitilipi-recuperaron-una-motocicleta-robada-en-saenz-pena-con-el-chasis-adulterado\/","title":{"rendered":"QUITILIPI: Recuperaron Una Motocicleta Robada En S\u00e1enz Pe\u00f1a Con El Chasis Adulterado"},"content":{"rendered":"\n<p>Durante un operativo de prevenci\u00f3n realizado esta tarde en la ciudad de Quitilipi, efectivos de la comisar\u00eda local lograron recuperar una motocicleta de 110 cilindradas que hab\u00eda sido sustra\u00edda en Presidencia Roque S\u00e1enz Pe\u00f1a. El rodado presentaba signos de adulteraci\u00f3n en su numeraci\u00f3n.<\/p>\n\n\n\n<p>Alrededor de las 15:50, en la intersecci\u00f3n de avenida Chaco y calle R\u00edo Negro, los agentes interceptaron a un joven de 16 a\u00f1os que circulaba en una motocicleta Motomel 110 cc, color negro.<\/p>\n\n\n\n<p>Al realizar la verificaci\u00f3n t\u00e9cnica mediante el Sistema Digital PMU (Padr\u00f3n de Motoveh\u00edculos Unificado), constataron que el motor del rodado pose\u00eda un pedido de secuestro solicitado por la Comisar\u00eda Sexta de S\u00e1enz Pe\u00f1a, en una causa por \u201cSupuesto Hurto\u201d.<\/p>\n\n\n\n<p>Adem\u00e1s, tras una inspecci\u00f3n m\u00e1s detallada, detectaron que la numeraci\u00f3n del chasis no coincid\u00eda con los registros originales.<\/p>\n\n\n\n<p>Finalmente, procedieron al secuestro del motoveh\u00edculo y al traslado del menor hacia la unidad policial. Las actuaciones fueron notificadas a la magistratura interviniente, inici\u00e1ndose las diligencias necesarias para localizar al propietario original y restituir el bien.<\/p>\n","protected":false},"excerpt":{"rendered":"<p>24-Abr-26  El personal de la comisar\u00eda local secuestr\u00f3 el rodado, que era conducido por un menor de 16 a\u00f1os, mientras realizaban controles vehiculares.<\/p>\n","protected":false},"author":3,"featured_media":362516,"comment_status":"closed","ping_status":"closed","sticky":false,"template":"","format":"standard","meta":[],"categories":[103],"tags":[],"_links":{"self":[{"href":"https:\/\/www.noticiasdelparana.com.ar\/NuevaEdicion\/wp-json\/wp\/v2\/posts\/362515"}],"collection":[{"href":"https:\/\/www.noticiasdelparana.com.ar\/NuevaEdicion\/wp-json\/wp\/v2\/posts"}],"about":[{"href":"https:\/\/www.noticiasdelparana.com.ar\/NuevaEdicion\/wp-json\/wp\/v2\/types\/post"}],"author":[{"embeddable":true,"href":"https:\/\/www.noticiasdelparana.com.ar\/NuevaEdicion\/wp-json\/wp\/v2\/users\/3"}],"replies":[{"embeddable":true,"href":"https:\/\/www.noticiasdelparana.com.ar\/NuevaEdicion\/wp-json\/wp\/v2\/comments?post=362515"}],"version-history":[{"count":1,"href":"https:\/\/www.noticiasdelparana.com.ar\/NuevaEdicion\/wp-json\/wp\/v2\/posts\/362515\/revisions"}],"predecessor-version":[{"id":362517,"href":"https:\/\/www.noticiasdelparana.com.ar\/NuevaEdicion\/wp-json\/wp\/v2\/posts\/362515\/revisions\/362517"}],"wp:featuredmedia":[{"embeddable":true,"href":"https:\/\/www.noticiasdelparana.com.ar\/NuevaEdicion\/wp-json\/wp\/v2\/media\/362516"}],"wp:attachment":[{"href":"https:\/\/www.noticiasdelparana.com.ar\/NuevaEdicion\/wp-json\/wp\/v2\/media?parent=362515"}],"wp:term":[{"taxonomy":"category","embeddable":true,"href":"https:\/\/www.noticiasdelparana.com.ar\/NuevaEdicion\/wp-json\/wp\/v2\/categories?post=362515"},{"taxonomy":"post_tag","embeddable":true,"href":"https:\/\/www.noticiasdelparana.com.ar\/NuevaEdicion\/wp-json\/wp\/v2\/tags?post=362515"}],"curies":[{"name":"wp","href":"https:\/\/api.w.org\/{rel}","templated":true}]}}