{"id":362624,"date":"2026-04-25T09:01:30","date_gmt":"2026-04-25T12:01:30","guid":{"rendered":"http:\/\/www.noticiasdelparana.com.ar\/NuevaEdicion\/?p=362624"},"modified":"2026-04-25T09:01:33","modified_gmt":"2026-04-25T12:01:33","slug":"corrientes-un-auto-termino-en-la-vereda-tras-esquivar-una-camioneta-en-pleno-centro","status":"publish","type":"post","link":"https:\/\/www.noticiasdelparana.com.ar\/NuevaEdicion\/2026\/04\/25\/corrientes-un-auto-termino-en-la-vereda-tras-esquivar-una-camioneta-en-pleno-centro\/","title":{"rendered":"CORRIENTES: Un Auto Termin\u00f3 En La Vereda Tras Esquivar Una Camioneta En Pleno Centro"},"content":{"rendered":"\n<p>Un accidente se registr\u00f3 este viernes en pleno centro de la ciudad de Corrientes, cuando un auto termin\u00f3 en la vereda.&nbsp;<\/p>\n\n\n\n<p>El siniestro se registr\u00f3 en por calle La Rioja al 1100, cuando el veh\u00edculo intent\u00f3 esquivar a una camioneta que ven\u00eda por calle Bolivar y terminaron chocando contra un \u00e1rbol.&nbsp;<\/p>\n\n\n\n<p>&#8220;Manejaba un se\u00f1or mayor y al lado su nuera. La mujer ten\u00eda un fuerte dolor de cabeza y el hombre ten\u00eda sangre en la nariz&#8221;, se\u00f1alaron testigos a El Litoral.<\/p>\n\n\n\n<p>Al lugar lleg\u00f3 personal sanitario y policial. Por el momento se desconocen m\u00e1s detalles del hecho.<\/p>\n","protected":false},"excerpt":{"rendered":"<p>25-Abr-26 El hecho se registr\u00f3 este viernes por la tarde. Al lugar arrib\u00f3 personal sanitario y policial. Hay dos heridos.<\/p>\n","protected":false},"author":3,"featured_media":362627,"comment_status":"closed","ping_status":"closed","sticky":false,"template":"","format":"standard","meta":[],"categories":[139],"tags":[],"_links":{"self":[{"href":"https:\/\/www.noticiasdelparana.com.ar\/NuevaEdicion\/wp-json\/wp\/v2\/posts\/362624"}],"collection":[{"href":"https:\/\/www.noticiasdelparana.com.ar\/NuevaEdicion\/wp-json\/wp\/v2\/posts"}],"about":[{"href":"https:\/\/www.noticiasdelparana.com.ar\/NuevaEdicion\/wp-json\/wp\/v2\/types\/post"}],"author":[{"embeddable":true,"href":"https:\/\/www.noticiasdelparana.com.ar\/NuevaEdicion\/wp-json\/wp\/v2\/users\/3"}],"replies":[{"embeddable":true,"href":"https:\/\/www.noticiasdelparana.com.ar\/NuevaEdicion\/wp-json\/wp\/v2\/comments?post=362624"}],"version-history":[{"count":1,"href":"https:\/\/www.noticiasdelparana.com.ar\/NuevaEdicion\/wp-json\/wp\/v2\/posts\/362624\/revisions"}],"predecessor-version":[{"id":362628,"href":"https:\/\/www.noticiasdelparana.com.ar\/NuevaEdicion\/wp-json\/wp\/v2\/posts\/362624\/revisions\/362628"}],"wp:featuredmedia":[{"embeddable":true,"href":"https:\/\/www.noticiasdelparana.com.ar\/NuevaEdicion\/wp-json\/wp\/v2\/media\/362627"}],"wp:attachment":[{"href":"https:\/\/www.noticiasdelparana.com.ar\/NuevaEdicion\/wp-json\/wp\/v2\/media?parent=362624"}],"wp:term":[{"taxonomy":"category","embeddable":true,"href":"https:\/\/www.noticiasdelparana.com.ar\/NuevaEdicion\/wp-json\/wp\/v2\/categories?post=362624"},{"taxonomy":"post_tag","embeddable":true,"href":"https:\/\/www.noticiasdelparana.com.ar\/NuevaEdicion\/wp-json\/wp\/v2\/tags?post=362624"}],"curies":[{"name":"wp","href":"https:\/\/api.w.org\/{rel}","templated":true}]}}