{"id":362692,"date":"2026-04-25T21:20:54","date_gmt":"2026-04-26T00:20:54","guid":{"rendered":"http:\/\/www.noticiasdelparana.com.ar\/NuevaEdicion\/?p=362692"},"modified":"2026-04-25T21:20:57","modified_gmt":"2026-04-26T00:20:57","slug":"resistencia-el-5-de-mayo-habra-una-audiencia-publica-del-concejo-municipal","status":"publish","type":"post","link":"https:\/\/www.noticiasdelparana.com.ar\/NuevaEdicion\/2026\/04\/25\/resistencia-el-5-de-mayo-habra-una-audiencia-publica-del-concejo-municipal\/","title":{"rendered":"RESISTENCIA: El 5 De Mayo Habr\u00e1 Una Audiencia P\u00fablica Del Concejo Municipal"},"content":{"rendered":"\n<p>En la misma se tratar\u00e1 el proyecto de ordenanza aprobado en primera lectura, por la cual se except\u00faa de la cesi\u00f3n de 15 metros, establecida por el C\u00f3digo de Planeamiento Urbano Ambiental de la ciudad de Resistencia y la ordenanza N\u00b0 13756, en el tramo comprendido por la ruta nacional N\u00b0 11, entre avenida Martina y calle Charata y rectificar la ordenanza N\u00b0 1783.<\/p>\n\n\n\n<p>La inscripci\u00f3n es libre y gratuita y la recepci\u00f3n de documentaci\u00f3n se habilitar\u00e1 el 27 de abril hasta el 4 de mayo de 2026, inclusive, debiendo dirigirse a la Secretar\u00eda del Concejo Municipal, sita en avenida Italia 150, en los horarios de 8 a 12.<\/p>\n","protected":false},"excerpt":{"rendered":"<p>25-Abr-26 El presidente del Concejo Municipal de la ciudad de Resistencia convoca a una audiencia p\u00fablica a realizarse el 5 de mayo, a las 8:30 horas, en el recinto de sesiones \u201cDeolindo Felipe Bittel\u201d de la C\u00e1mara de Diputados, sito en calle Brown 520.<\/p>\n","protected":false},"author":4,"featured_media":362682,"comment_status":"closed","ping_status":"closed","sticky":false,"template":"","format":"standard","meta":[],"categories":[102],"tags":[],"_links":{"self":[{"href":"https:\/\/www.noticiasdelparana.com.ar\/NuevaEdicion\/wp-json\/wp\/v2\/posts\/362692"}],"collection":[{"href":"https:\/\/www.noticiasdelparana.com.ar\/NuevaEdicion\/wp-json\/wp\/v2\/posts"}],"about":[{"href":"https:\/\/www.noticiasdelparana.com.ar\/NuevaEdicion\/wp-json\/wp\/v2\/types\/post"}],"author":[{"embeddable":true,"href":"https:\/\/www.noticiasdelparana.com.ar\/NuevaEdicion\/wp-json\/wp\/v2\/users\/4"}],"replies":[{"embeddable":true,"href":"https:\/\/www.noticiasdelparana.com.ar\/NuevaEdicion\/wp-json\/wp\/v2\/comments?post=362692"}],"version-history":[{"count":1,"href":"https:\/\/www.noticiasdelparana.com.ar\/NuevaEdicion\/wp-json\/wp\/v2\/posts\/362692\/revisions"}],"predecessor-version":[{"id":362693,"href":"https:\/\/www.noticiasdelparana.com.ar\/NuevaEdicion\/wp-json\/wp\/v2\/posts\/362692\/revisions\/362693"}],"wp:featuredmedia":[{"embeddable":true,"href":"https:\/\/www.noticiasdelparana.com.ar\/NuevaEdicion\/wp-json\/wp\/v2\/media\/362682"}],"wp:attachment":[{"href":"https:\/\/www.noticiasdelparana.com.ar\/NuevaEdicion\/wp-json\/wp\/v2\/media?parent=362692"}],"wp:term":[{"taxonomy":"category","embeddable":true,"href":"https:\/\/www.noticiasdelparana.com.ar\/NuevaEdicion\/wp-json\/wp\/v2\/categories?post=362692"},{"taxonomy":"post_tag","embeddable":true,"href":"https:\/\/www.noticiasdelparana.com.ar\/NuevaEdicion\/wp-json\/wp\/v2\/tags?post=362692"}],"curies":[{"name":"wp","href":"https:\/\/api.w.org\/{rel}","templated":true}]}}